{"id":968,"date":"2011-02-10T19:17:00","date_gmt":"2011-02-10T19:17:00","guid":{"rendered":"http:\/\/blogs.elcorreo.com\/divergencias\/?p=967"},"modified":"2011-02-10T19:17:00","modified_gmt":"2011-02-10T19:17:00","slug":"les-luthiers-y-nueva-asesora-cultura-madrid","status":"publish","type":"post","link":"https:\/\/blogs.elcorreo.com\/divergencias\/2011\/02\/10\/les-luthiers-y-nueva-asesora-cultura-madrid\/","title":{"rendered":"Les Luthiers y la nueva asesora de cultura de Madrid"},"content":{"rendered":"<p>En uno de sus m\u00e1s celebrados temas, <em>Suite de los noticieros cinematogr\u00e1ficos<\/em>, <A href=\"http:\/\/www.lesluthiers.com\/\" title=\"http:\/\/www.lesluthiers.com\/\" id=\"link_0\">Les Luthiers<\/a>  dec\u00edan:<\/p>\n<p>&#8220;Actualidad latinoamericana<\/p>\n<p>El presidente de la hermana rep\u00fablica de Feudalia, mariscal Manuel Anz\u00e1bal, toma el juramento de pr\u00e1ctica a nuevos ministros, en una ceremonia que se lleva a cabo en el circo estatal capitalino.<br \/>\nJuran los nuevos ministros:<br \/>\n&#8211; De Salud P\u00fablica: general Roberto Frelloni<br \/>\n&#8211; De Agricultura: contraalmirante Esteban R\u00f3mulo Capdeville<br \/>\n&#8211; De V\u00edas Navegables: brigadier Jorge McLennon<br \/>\n&#8211; Y de Educaci\u00f3n y Cultura: cabo primero Anastasio L\u00f3pez&#8221;. (La letra completa, <A href=\"http:\/\/www.justsomelyrics.com\/1491792\/Les-Luthiers-Suite-De-Los-Noticieros-Cinematograficos-Lyrics\" title=\"http:\/\/www.justsomelyrics.com\/1491792\/Les-Luthiers-Suite-De-Los-Noticieros-Cinematograficos-Lyrics\" id=\"link_1\">aqu\u00ed<\/a>)<\/p>\n<p>Queda claro el peso en el Gobierno que ten\u00eda el nuevo ministro de Cultura&#8230; Bueno, m\u00e1s o menos como pasa aqu\u00ed no pocas veces, y no son gobiernos militares. Lo digo por el <A href=\"http:\/\/www.formulatv.com\/noticias\/18325\/cintia-martinez-chica-interviu-presentadora-tv-ficha-equipo-gallardon\/\" title=\"http:\/\/www.formulatv.com\/noticias\/18325\/cintia-martinez-chica-interviu-presentadora-tv-ficha-equipo-gallardon\/\" id=\"link_2\">nombramiento<\/a>  de asesora cultural del distrito de Moncloa, en Madrid. Una muchacha con un curr\u00edculum cuyo punto culminante es haber salido en la portada de <em>Intervi\u00fa<\/em>. Sin comentarios.<\/p>\n<!-- AddThis Advanced Settings generic via filter on the_content --><!-- AddThis Share Buttons generic via filter on the_content -->","protected":false},"excerpt":{"rendered":"<p>En uno de sus m\u00e1s celebrados temas, Suite de los noticieros cinematogr\u00e1ficos, Les Luthiers dec\u00edan: &#8220;Actualidad latinoamericana El presidente de la hermana rep\u00fablica de Feudalia, mariscal Manuel Anz\u00e1bal, toma el juramento de pr\u00e1ctica a nuevos ministros, en una ceremonia que se lleva a cabo en el circo estatal capitalino. Juran los nuevos ministros: &#8211; De [&hellip;]<!-- AddThis Advanced Settings generic via filter on get_the_excerpt --><!-- AddThis Share Buttons generic via filter on get_the_excerpt --><\/p>\n","protected":false},"author":6,"featured_media":0,"comment_status":"open","ping_status":"closed","sticky":false,"template":"","format":"standard","meta":[],"categories":[4],"tags":[592,1759,1995],"_links":{"self":[{"href":"https:\/\/blogs.elcorreo.com\/divergencias\/wp-json\/wp\/v2\/posts\/968"}],"collection":[{"href":"https:\/\/blogs.elcorreo.com\/divergencias\/wp-json\/wp\/v2\/posts"}],"about":[{"href":"https:\/\/blogs.elcorreo.com\/divergencias\/wp-json\/wp\/v2\/types\/post"}],"author":[{"embeddable":true,"href":"https:\/\/blogs.elcorreo.com\/divergencias\/wp-json\/wp\/v2\/users\/6"}],"replies":[{"embeddable":true,"href":"https:\/\/blogs.elcorreo.com\/divergencias\/wp-json\/wp\/v2\/comments?post=968"}],"version-history":[{"count":0,"href":"https:\/\/blogs.elcorreo.com\/divergencias\/wp-json\/wp\/v2\/posts\/968\/revisions"}],"wp:attachment":[{"href":"https:\/\/blogs.elcorreo.com\/divergencias\/wp-json\/wp\/v2\/media?parent=968"}],"wp:term":[{"taxonomy":"category","embeddable":true,"href":"https:\/\/blogs.elcorreo.com\/divergencias\/wp-json\/wp\/v2\/categories?post=968"},{"taxonomy":"post_tag","embeddable":true,"href":"https:\/\/blogs.elcorreo.com\/divergencias\/wp-json\/wp\/v2\/tags?post=968"}],"curies":[{"name":"wp","href":"https:\/\/api.w.org\/{rel}","templated":true}]}}