{"id":965,"date":"2011-02-05T20:13:00","date_gmt":"2011-02-05T20:13:00","guid":{"rendered":"http:\/\/blogs.elcorreo.com\/divergencias\/?p=964"},"modified":"2011-02-05T20:13:00","modified_gmt":"2011-02-05T20:13:00","slug":"seis-minutos-belleza","status":"publish","type":"post","link":"https:\/\/blogs.elcorreo.com\/divergencias\/2011\/02\/05\/seis-minutos-belleza\/","title":{"rendered":"Seis minutos de belleza"},"content":{"rendered":"<p>Garc\u00eda M\u00e1rquez dijo una vez que no hay pena que aguante dos horas de buena lectura. Me parece que es as\u00ed. Tambi\u00e9n sucede con la m\u00fasica, y estoy seguro de que el escritor colombiano, gran mel\u00f3mano, estar\u00e1 de acuerdo en ello. Espero que no tengan penas y que simplemente disfruten con estos seis minutos de bell\u00edsima m\u00fasica interpretada por la que para muchos es la mejor mezzosoprano del momento, <A href=\"http:\/\/www.elinagaranca.com\/\" title=\"http:\/\/www.elinagaranca.com\/\" id=\"link_0\">Elina Garanca<\/a>. Se trata del aria <em>Mon coeur s&#8217;ouvre \u00e0 ta voix<\/em>, de la \u00f3pera <A href=\"http:\/\/www.weblaopera.com\/articulos\/arti36.htm\" title=\"http:\/\/www.weblaopera.com\/articulos\/arti36.htm\" id=\"link_1\">Sans\u00f3n y Dalila<\/a>, de <A href=\"http:\/\/es.wikipedia.org\/wiki\/Camille_Saint-Sa%C3%ABns\" title=\"http:\/\/es.wikipedia.org\/wiki\/Camille_Saint-Sa%C3%ABns\" id=\"link_2\">Saint-Sa\u00ebns<\/a>. Y si hay penas en su coraz\u00f3n, que se las alivie. Feliz fin de semana.<\/p>\n<p><object style=\"border: 0pt none ; margin: 0pt; background: transparent none repeat scroll 0% 0%; -moz-background-clip: -moz-initial; -moz-background-origin: -moz-initial; -moz-background-inline-policy: -moz-initial;\" width=\"640\" height=\"385\"><param  name=\"movie\" value=\"http:\/\/www.youtube.com\/v\/X79OkSayPSw?fs=1&#038;hl=es_ES\"><\/param><param  name=\"allowFullScreen\" value=\"true\"><\/param><param  name=\"allowscriptaccess\" value=\"always\"><\/param><embed  src=\"\/\/www.youtube.com\/v\/X79OkSayPSw?fs=1&#038;hl=es_ES\" type=\"application\/x-shockwave-flash\" allowscriptaccess=\"always\" allowfullscreen=\"true\" width=\"640\" height=\"385\"><\/embed><\/object><\/p>\n<!-- AddThis Advanced Settings generic via filter on the_content --><!-- AddThis Share Buttons generic via filter on the_content -->","protected":false},"excerpt":{"rendered":"<p>Garc\u00eda M\u00e1rquez dijo una vez que no hay pena que aguante dos horas de buena lectura. Me parece que es as\u00ed. Tambi\u00e9n sucede con la m\u00fasica, y estoy seguro de que el escritor colombiano, gran mel\u00f3mano, estar\u00e1 de acuerdo en ello. Espero que no tengan penas y que simplemente disfruten con estos seis minutos de [&hellip;]<!-- AddThis Advanced Settings generic via filter on get_the_excerpt --><!-- AddThis Share Buttons generic via filter on get_the_excerpt --><\/p>\n","protected":false},"author":6,"featured_media":0,"comment_status":"open","ping_status":"closed","sticky":false,"template":"","format":"standard","meta":[],"categories":[7],"tags":[],"_links":{"self":[{"href":"https:\/\/blogs.elcorreo.com\/divergencias\/wp-json\/wp\/v2\/posts\/965"}],"collection":[{"href":"https:\/\/blogs.elcorreo.com\/divergencias\/wp-json\/wp\/v2\/posts"}],"about":[{"href":"https:\/\/blogs.elcorreo.com\/divergencias\/wp-json\/wp\/v2\/types\/post"}],"author":[{"embeddable":true,"href":"https:\/\/blogs.elcorreo.com\/divergencias\/wp-json\/wp\/v2\/users\/6"}],"replies":[{"embeddable":true,"href":"https:\/\/blogs.elcorreo.com\/divergencias\/wp-json\/wp\/v2\/comments?post=965"}],"version-history":[{"count":0,"href":"https:\/\/blogs.elcorreo.com\/divergencias\/wp-json\/wp\/v2\/posts\/965\/revisions"}],"wp:attachment":[{"href":"https:\/\/blogs.elcorreo.com\/divergencias\/wp-json\/wp\/v2\/media?parent=965"}],"wp:term":[{"taxonomy":"category","embeddable":true,"href":"https:\/\/blogs.elcorreo.com\/divergencias\/wp-json\/wp\/v2\/categories?post=965"},{"taxonomy":"post_tag","embeddable":true,"href":"https:\/\/blogs.elcorreo.com\/divergencias\/wp-json\/wp\/v2\/tags?post=965"}],"curies":[{"name":"wp","href":"https:\/\/api.w.org\/{rel}","templated":true}]}}