{"id":84,"date":"2006-03-22T15:09:17","date_gmt":"2006-03-22T15:09:17","guid":{"rendered":"http:\/\/blogs.elcorreo.com\/divergencias\/?p=83"},"modified":"2006-03-22T15:09:17","modified_gmt":"2006-03-22T15:09:17","slug":"el-ombligo","status":"publish","type":"post","link":"https:\/\/blogs.elcorreo.com\/divergencias\/2006\/03\/22\/el-ombligo\/","title":{"rendered":"El ombligo"},"content":{"rendered":"<p><IMG src=\"\/divergencias\/files\/cape_of_good_hope04.jpg\" height=\"201\" width=\"353\"><\/p>\n<p><font face=\"Arial\" size=\"2\">El otro d\u00eda habl\u00e9 con una persona a la que<br \/>\nquiero considerar mi amigo. No es espa\u00f1ol pero conoce muy bien la<br \/>\nrealidad latinoamericana, creo que tambi\u00e9n, la espa\u00f1ola y, en cierta<br \/>\nforma, la vasca. Es de esas personas que ha viajado, es inteligente y<br \/>\ntiene una perspectiva global realmente interesante. Adem\u00e1s, es moderado<br \/>\nen las formas pero muy claro en los principios. Ultimamente ha estado<br \/>\nen Euskadi. Sin perder la sonrisa me dijo que ha percibido que uno de<br \/>\nlos problemas de los vascos es que vivimos mir\u00e1ndonos el ombligo, sin<br \/>\ndarnos cuenta de todo lo que realmente est\u00e1 sucediendo a nuestro<br \/>\nalrededor. Aunque, claro, entend\u00eda que nuestra nefasta realidad no nos<br \/>\npermit\u00eda muchas veces hacer otra cosa que mirarnos compulsiva y<br \/>\nenfermizamente el ombligo.<\/p>\n<p>Hoy, mi\u00e9rcoles, 22 de marzo, es uno de esos d\u00edas en los que a uno&nbsp;<br \/>\nle gustar\u00eda pensar que existe una posibilidad de que nos dejen levantar<br \/>\nla cabeza, de que hay una esperanza de que sea posible dejar de<br \/>\ncontemplarnos obsesivamente el ombligo y poder mirar lo que hay a<br \/>\nnuestro alrededor. Y descubrir lo que hay realmente detr\u00e1s de la<br \/>\nmonta\u00f1a. Ojala tengamos esa suerte.<\/font><\/p>\n<!-- AddThis Advanced Settings generic via filter on the_content --><!-- AddThis Share Buttons generic via filter on the_content -->","protected":false},"excerpt":{"rendered":"<p>El otro d\u00eda habl\u00e9 con una persona a la que quiero considerar mi amigo. No es espa\u00f1ol pero conoce muy bien la realidad latinoamericana, creo que tambi\u00e9n, la espa\u00f1ola y, en cierta forma, la vasca. Es de esas personas que ha viajado, es inteligente y tiene una perspectiva global realmente interesante. Adem\u00e1s, es moderado en [&hellip;]<!-- AddThis Advanced Settings generic via filter on get_the_excerpt --><!-- AddThis Share Buttons generic via filter on get_the_excerpt --><\/p>\n","protected":false},"author":0,"featured_media":0,"comment_status":"open","ping_status":"closed","sticky":false,"template":"","format":"standard","meta":[],"categories":[11],"tags":[],"_links":{"self":[{"href":"https:\/\/blogs.elcorreo.com\/divergencias\/wp-json\/wp\/v2\/posts\/84"}],"collection":[{"href":"https:\/\/blogs.elcorreo.com\/divergencias\/wp-json\/wp\/v2\/posts"}],"about":[{"href":"https:\/\/blogs.elcorreo.com\/divergencias\/wp-json\/wp\/v2\/types\/post"}],"replies":[{"embeddable":true,"href":"https:\/\/blogs.elcorreo.com\/divergencias\/wp-json\/wp\/v2\/comments?post=84"}],"version-history":[{"count":0,"href":"https:\/\/blogs.elcorreo.com\/divergencias\/wp-json\/wp\/v2\/posts\/84\/revisions"}],"wp:attachment":[{"href":"https:\/\/blogs.elcorreo.com\/divergencias\/wp-json\/wp\/v2\/media?parent=84"}],"wp:term":[{"taxonomy":"category","embeddable":true,"href":"https:\/\/blogs.elcorreo.com\/divergencias\/wp-json\/wp\/v2\/categories?post=84"},{"taxonomy":"post_tag","embeddable":true,"href":"https:\/\/blogs.elcorreo.com\/divergencias\/wp-json\/wp\/v2\/tags?post=84"}],"curies":[{"name":"wp","href":"https:\/\/api.w.org\/{rel}","templated":true}]}}