{"id":83,"date":"2006-03-20T18:57:33","date_gmt":"2006-03-20T18:57:33","guid":{"rendered":"http:\/\/blogs.elcorreo.com\/divergencias\/?p=82"},"modified":"2006-03-20T18:57:33","modified_gmt":"2006-03-20T18:57:33","slug":"contra-cultura","status":"publish","type":"post","link":"https:\/\/blogs.elcorreo.com\/divergencias\/2006\/03\/20\/contra-cultura\/","title":{"rendered":"Contra la cultura"},"content":{"rendered":"<p><\/p>\n<div align=\"justify\"><font face=\"Arial\" size=\"2\"><IMG alt=\"altavoces_01.jpg\" src=\"\/divergencias\/files\/altavoces_01.jpg\" align=\"left\" border=\"3\" height=\"201\" hspace=\"5\" vspace=\"5\" width=\"323\"><\/p>\n<p>Soy uno de los much\u00edsimos vizca\u00ednos que utilizan el <A target=\"_blank\" href=\"http:\/\/www.metrobilbao.net\/accesible\/cas\/index.jsp\">metro<\/a><br \/>\na diario. Y tambi\u00e9n uno de los muchos que emplean el tiempo de las<br \/>\nesperas, el recorrido y el trayecto en escalera mec\u00e1nica para leer. Al<br \/>\ncabo del d\u00eda, suma casi una hora y eso da para leer un buen pu\u00f1ado de<br \/>\np\u00e1ginas. En realidad, dar\u00eda para leer un buen pu\u00f1ado de p\u00e1ginas si los <A target=\"_blank\" href=\"http:\/\/www.metrobilbao.net\/accesible\/cas\/metro\/presentaciongerente.html\">responsables<\/a> del metro no hicieran lo posible por impedir la lectura.<\/p>\n<p>Paso porque el metro sea muy caro,&nbsp; no est\u00e9 tan limpio como dice la<br \/>\npropaganda oficial, su personal no destaque por su amabilidad exquisita<br \/>\ny en horas punta parezca un suburbano japon\u00e9s, por la cantidad de gente<br \/>\nque lleva (\u00bfa qu\u00e9 esperan para poner el quinto vag\u00f3n que permiten las<br \/>\nestaciones?). Pero por lo que no paso es por la m\u00fasica infame y a un<br \/>\nvolumen intolerable que el usuario encuentra en algunas estaciones y no<br \/>\npocos convoyes. <\/p>\n<p><IMG src=\"\/divergencias\/files\/sound_01.jpg\" align=\"right\" border=\"3\" hspace=\"5\" vspace=\"5\" width=\"150\"><\/p>\n<p>\u00bfQui\u00e9n le ha dicho a los responsables del metro que <A target=\"_blank\" href=\"http:\/\/www.metrobilbao.net\/accesible\/cas\/usuario\/normas.html\">los usuarios<\/a><br \/>\nquieren escuchar la m\u00fasica que ellos proponen y al volumen con el que<br \/>\nnos torturan? Sencillamente nadie. Quien desea o\u00edr durante el trayecto<br \/>\na sus m\u00fasicos favoritos ya lleva su <A target=\"_blank\" href=\"http:\/\/www.apple.com\/es\/ipod\/\">ipod<\/a> o su <A target=\"_blank\" href=\"http:\/\/www.mp3.es\/\">mp3<\/a>,<br \/>\ncon sus temas preferidos. \u00bfPor qu\u00e9 tenemos los dem\u00e1s que sufrir esa<br \/>\nagresi\u00f3n cuando s\u00f3lo queremos desplazarnos de un lugar a otro y<br \/>\naprovechar el rato para avanzar en el libro que tenemos entre manos?<br \/>\nLa&nbsp; m\u00fasica al volumen al que acostumbran a ponerla los conductores<br \/>\nde los trenes o los jefes de estaci\u00f3n simplemente no permite concentrarse en la<br \/>\nlectura. <\/p>\n<p>All\u00e1 donde existe, el metro ha hecho que muchas personas dispongan cada<br \/>\nd\u00eda de un tiempo extra para leer. Un beneficio cultural a\u00f1adido a<br \/>\nlas ventajas en el transporte. Ahora s\u00f3lo falta que alguien con mando<br \/>\nen el de Bilbao se d\u00e9 cuenta de que el silencio es necesario para<br \/>\naprovechar esos minutos de cada viaje. De momento, al menos hasta que<br \/>\nprogramen de forma ininterrumpida <A target=\"_blank\" href=\"http:\/\/www.harrymagazine.com\/200207\/07_subversion_en_la_musica_clasica.htm\">4.33<\/a>, de <A target=\"_blank\" href=\"http:\/\/www.epdlp.com\/compclasico.php?id=971\">John Cage<\/a>, lo que hacen es combatir la lectura y perjudicar a la m\u00fasica. <\/p>\n<p><\/font><\/div>\n<!-- AddThis Advanced Settings generic via filter on the_content --><!-- AddThis Share Buttons generic via filter on the_content -->","protected":false},"excerpt":{"rendered":"<p>Soy uno de los much\u00edsimos vizca\u00ednos que utilizan el metro a diario. Y tambi\u00e9n uno de los muchos que emplean el tiempo de las esperas, el recorrido y el trayecto en escalera mec\u00e1nica para leer. Al cabo del d\u00eda, suma casi una hora y eso da para leer un buen pu\u00f1ado de p\u00e1ginas. En realidad, [&hellip;]<!-- AddThis Advanced Settings generic via filter on get_the_excerpt --><!-- AddThis Share Buttons generic via filter on get_the_excerpt --><\/p>\n","protected":false},"author":6,"featured_media":0,"comment_status":"open","ping_status":"closed","sticky":false,"template":"","format":"standard","meta":[],"categories":[4,5,7],"tags":[],"_links":{"self":[{"href":"https:\/\/blogs.elcorreo.com\/divergencias\/wp-json\/wp\/v2\/posts\/83"}],"collection":[{"href":"https:\/\/blogs.elcorreo.com\/divergencias\/wp-json\/wp\/v2\/posts"}],"about":[{"href":"https:\/\/blogs.elcorreo.com\/divergencias\/wp-json\/wp\/v2\/types\/post"}],"author":[{"embeddable":true,"href":"https:\/\/blogs.elcorreo.com\/divergencias\/wp-json\/wp\/v2\/users\/6"}],"replies":[{"embeddable":true,"href":"https:\/\/blogs.elcorreo.com\/divergencias\/wp-json\/wp\/v2\/comments?post=83"}],"version-history":[{"count":0,"href":"https:\/\/blogs.elcorreo.com\/divergencias\/wp-json\/wp\/v2\/posts\/83\/revisions"}],"wp:attachment":[{"href":"https:\/\/blogs.elcorreo.com\/divergencias\/wp-json\/wp\/v2\/media?parent=83"}],"wp:term":[{"taxonomy":"category","embeddable":true,"href":"https:\/\/blogs.elcorreo.com\/divergencias\/wp-json\/wp\/v2\/categories?post=83"},{"taxonomy":"post_tag","embeddable":true,"href":"https:\/\/blogs.elcorreo.com\/divergencias\/wp-json\/wp\/v2\/tags?post=83"}],"curies":[{"name":"wp","href":"https:\/\/api.w.org\/{rel}","templated":true}]}}