{"id":71,"date":"2006-02-23T18:09:59","date_gmt":"2006-02-23T18:09:59","guid":{"rendered":"http:\/\/blogs.elcorreo.com\/divergencias\/?p=70"},"modified":"2006-02-23T18:09:59","modified_gmt":"2006-02-23T18:09:59","slug":"kurtlar-vadisi-irak","status":"publish","type":"post","link":"https:\/\/blogs.elcorreo.com\/divergencias\/2006\/02\/23\/kurtlar-vadisi-irak\/","title":{"rendered":"Kurtlar Vadisi Irak"},"content":{"rendered":"<p><IMG src=\"\/divergencias\/files\/kutlarvadisi.jpg\" width=\"179\"><\/p>\n<p><font face=\"Arial\" size=\"2\">A veces se producen unas de esas<br \/>\ncoincidencias de situaciones hist\u00f3ricas que sirven para poner sobre la<br \/>\nmesa todas las contradiciones de nuestro sistema. Veamos. A finales de<br \/>\nenero estalla el esc\u00e1ndalo de las caricaturas de Mahoma. Es dif\u00edcil<br \/>\ncalcular el n\u00famero de personas que han fallecido a consecuencia de la<br \/>\nmanipulaci\u00f3n de los radicales. Ellas son las principales v\u00edctimas. En<br \/>\notro plano, sin embargo, tambi\u00e9n result\u00f3 afectada la libertad de<br \/>\nexpresi\u00f3n ya que desde algunos Gobiernos se traslad\u00f3 el pensamiento de<br \/>\nque deb\u00eda imponerse una autocensura que evitase provocar a la comunidad<br \/>\nisl\u00e1mica<\/font>.<\/p>\n<p><font face=\"Arial\" size=\"2\">En ese trance, un diario de Ir\u00e1n anunci\u00f3 un<br \/>\nconcurso sobre caricaturas del Holocausto para poner a prueba la<br \/>\nlibertad de expresi\u00f3n de Occidente. Hace una semana, el historiador<br \/>\nbrit\u00e1nico <A href=\"http:\/\/servicios.elcorreo.com\/vizcaya\/pg060221\/prensa\/noticias\/Cultura_VIZ\/200602\/21\/VIZ-CUL-007.html\">David Irving<\/a>,<br \/>\nvinculado a la extrema derecha, fue condenado en Viena a tres a\u00f1os de<br \/>\nc\u00e1rcel por negar el Holocausto. As\u00ed entramos en ese delicado equilibrio<br \/>\nentre la libertad de expresi\u00f3n y la protecci\u00f3n de determinados<br \/>\nderechos. Y tambi\u00e9n, en un campo en el que entra en juego la imagen que<br \/>\nOccidente ofrece al Islam, no lo olvidemos.<\/p>\n<p>Entonces surge el escandalo de la pel\u00edcula turca &#8216;<A href=\"http:\/\/%0Ahttp:\/\/servicios2.elcorreo.com\/vizcaya\/pg060222\/prensa\/noticias\/Cultura_VIZ\/200602\/22\/VIZ-CUL-000.html%0A\">Kurtlar Vadisi&#8217;<\/a>,<br \/>\nen la que un comando turco emprende una venganza contra estadounidenses<br \/>\ny jud\u00edos. El Estado de Baviera ha pedido la prohibici\u00f3n de la obra por<br \/>\nentender que fomenta el antisemitismo y los sentimientos contra<br \/>\nOccidente. Hay que tener en cuenta que se trata de gobernantes que<br \/>\nsaben lo que se traen entre manos. Por ejemplo, en 1996, el Gobierno de<br \/>\nBaviera ya hab\u00eda impedido que los miembros de la iglesia de la<br \/>\ncienciolog\u00eda puedan ser funcionarios por entender que se trata de una<br \/>\nsecta da\u00f1ina. Asimismo,el estado federal es propietario de los derechos<br \/>\nde autor de Hitler y de los objetos personales del asesino de masas, y<br \/>\nejerce\u00abuna paciente labor&nbsp; para impedir que los editores<br \/>\nreimpriman &#8216;Mi lucha&#8217;. <\/p>\n<p>En unos pocos d\u00edas nos colocamos en un escenario escurridizo en el que<br \/>\nse mezclan las prohibiciones, las provocaciones, los l\u00edmites de la<br \/>\nliberta de expresi\u00f3n, -que los tiene- y la lucha leg\u00edtima contra<br \/>\nquienes impulsan la violencia y el odio racial. Un escenario que<br \/>\nnecesita de todo menos de pensamientos acelerados.<\/font><\/p>\n<!-- AddThis Advanced Settings generic via filter on the_content --><!-- AddThis Share Buttons generic via filter on the_content -->","protected":false},"excerpt":{"rendered":"<p>A veces se producen unas de esas coincidencias de situaciones hist\u00f3ricas que sirven para poner sobre la mesa todas las contradiciones de nuestro sistema. Veamos. A finales de enero estalla el esc\u00e1ndalo de las caricaturas de Mahoma. Es dif\u00edcil calcular el n\u00famero de personas que han fallecido a consecuencia de la manipulaci\u00f3n de los radicales. [&hellip;]<!-- AddThis Advanced Settings generic via filter on get_the_excerpt --><!-- AddThis Share Buttons generic via filter on get_the_excerpt --><\/p>\n","protected":false},"author":0,"featured_media":0,"comment_status":"open","ping_status":"closed","sticky":false,"template":"","format":"standard","meta":[],"categories":[2],"tags":[],"_links":{"self":[{"href":"https:\/\/blogs.elcorreo.com\/divergencias\/wp-json\/wp\/v2\/posts\/71"}],"collection":[{"href":"https:\/\/blogs.elcorreo.com\/divergencias\/wp-json\/wp\/v2\/posts"}],"about":[{"href":"https:\/\/blogs.elcorreo.com\/divergencias\/wp-json\/wp\/v2\/types\/post"}],"replies":[{"embeddable":true,"href":"https:\/\/blogs.elcorreo.com\/divergencias\/wp-json\/wp\/v2\/comments?post=71"}],"version-history":[{"count":0,"href":"https:\/\/blogs.elcorreo.com\/divergencias\/wp-json\/wp\/v2\/posts\/71\/revisions"}],"wp:attachment":[{"href":"https:\/\/blogs.elcorreo.com\/divergencias\/wp-json\/wp\/v2\/media?parent=71"}],"wp:term":[{"taxonomy":"category","embeddable":true,"href":"https:\/\/blogs.elcorreo.com\/divergencias\/wp-json\/wp\/v2\/categories?post=71"},{"taxonomy":"post_tag","embeddable":true,"href":"https:\/\/blogs.elcorreo.com\/divergencias\/wp-json\/wp\/v2\/tags?post=71"}],"curies":[{"name":"wp","href":"https:\/\/api.w.org\/{rel}","templated":true}]}}