{"id":628,"date":"2009-09-29T17:08:00","date_gmt":"2009-09-29T17:08:00","guid":{"rendered":"http:\/\/blogs.elcorreo.com\/divergencias\/?p=628"},"modified":"2009-09-29T17:08:00","modified_gmt":"2009-09-29T17:08:00","slug":"alicia-larrocha-adios","status":"publish","type":"post","link":"https:\/\/blogs.elcorreo.com\/divergencias\/2009\/09\/29\/alicia-larrocha-adios\/","title":{"rendered":"Alicia de Larrocha. Adi\u00f3s"},"content":{"rendered":"<p><IMG src=\"\/divergencias\/wp-content\/uploads\/sites\/3\" id=\"img_0\" class=\"imgizqda\" width=\"327\" height=\"337\"> Esta entrada en el blog aparece con mucho retraso, pero me parece que debo hacerla. Es sobre la <A href=\"http:\/\/www.lavanguardia.es\/cultura\/noticias\/20090926\/53792380702\/la-generalitat-acoge-la-capilla-ardiente-de-alicia-de-larrocha-barcelona-iberia-asturias-premio-prin.html\" title=\"http:\/\/www.lavanguardia.es\/cultura\/noticias\/20090926\/53792380702\/la-generalitat-acoge-la-capilla-ardiente-de-alicia-de-larrocha-barcelona-iberia-asturias-premio-prin.html\" id=\"link_0\">muerte<\/a>  de <A href=\"http:\/\/es.wikipedia.org\/wiki\/Alicia_de_Larrocha\" title=\"http:\/\/es.wikipedia.org\/wiki\/Alicia_de_Larrocha\" id=\"link_1\">Alicia de Larrocha<\/a>, de la que no me enter\u00e9 hasta el lunes por la noche porque he estado unos d\u00edas fuera, alejado del mundanal ruido (al menos, del mundanal ruido de Bilbao).<\/p>\n<p>Alicia de Larrocha fue durante d\u00e9cadas la gran dama de la m\u00fasica espa\u00f1ola. Alejada de clanes, discreta, una verdadera anti diva, desarroll\u00f3 una carrera muy larga que se bas\u00f3 en dos pilares: el gran romanticismo (sobre todo Schumann) y la m\u00fasica espa\u00f1ola, en especial Alb\u00e9niz, Falla y Granados. <\/p>\n<p>La entrevist\u00e9 dos veces, pero ninguna de forma personal porque era muy reacia a los encuentros con periodistas. La primera vez que habl\u00e9 con ella estaba en EE UU y se ofreci\u00f3 a contestarme por escrito. Me envi\u00f3 sus respuestas en unos folios manuscritos y transmitidos por fax que a\u00fan conservo. La segunda fue una cosa bastante apresurada. Ella ven\u00eda a tocar a Bilbao (su \u00faltimo concierto aqu\u00ed: unas <A href=\"http:\/\/users.ipfw.edu\/JEHLE\/deisenbe\/Other_Hispanic_Topics\/Noches_en_los_jardines_de_Espana.htm\" title=\"http:\/\/users.ipfw.edu\/JEHLE\/deisenbe\/Other_Hispanic_Topics\/Noches_en_los_jardines_de_Espana.htm\" id=\"link_2\">Noches en los jardines de Espa\u00f1a<\/a>) y de pronto su agente me llam\u00f3 para decirme que pod\u00eda entrevistarla un par de horas despu\u00e9s. Se daba la circunstancia de que yo estaba en Barcelona en ese momento y le plante\u00e9 que pod\u00eda ir a su casa, pero se neg\u00f3. Dijo que el tel\u00e9fono era la opci\u00f3n que prefer\u00eda, y as\u00ed se hizo, aunque me gener\u00f3 una cierta frustraci\u00f3n. A\u00fan recuerdo el t\u00edtulo que me dio. &#8220;La m\u00fasica es mi vida&#8221;.<\/p>\n<p>No pude asistir a ese concierto porque pas\u00f3 algo grave (no recuerdo qu\u00e9) que me impidi\u00f3 escapar de la redacci\u00f3n a las siete y media de la tarde. Se ha ido una gran artista. Por fortuna me (nos) quedan sus discos. Y los v\u00eddeos. Les dejo uno de ellos.<\/p>\n<p><object style=\"border: 0pt none ; margin: 0pt; background: transparent none repeat scroll 0% 0%; -moz-background-clip: -moz-initial; -moz-background-origin: -moz-initial; -moz-background-inline-policy: -moz-initial;\" width=\"425\" height=\"344\"><param  name=\"movie\" value=\"http:\/\/www.youtube.com\/v\/ysV4Fn093i0&#038;hl=es&#038;fs=1&#038;\"><\/param><param  name=\"allowFullScreen\" value=\"true\"><\/param><param  name=\"allowscriptaccess\" value=\"always\"><\/param><embed  src=\"\/\/www.youtube.com\/v\/ysV4Fn093i0&#038;hl=es&#038;fs=1&#038;\" type=\"application\/x-shockwave-flash\" allowscriptaccess=\"always\" allowfullscreen=\"true\" width=\"425\" height=\"344\"><\/embed><\/object><\/p>\n<!-- AddThis Advanced Settings generic via filter on the_content --><!-- AddThis Share Buttons generic via filter on the_content -->","protected":false},"excerpt":{"rendered":"<p>Esta entrada en el blog aparece con mucho retraso, pero me parece que debo hacerla. Es sobre la muerte de Alicia de Larrocha, de la que no me enter\u00e9 hasta el lunes por la noche porque he estado unos d\u00edas fuera, alejado del mundanal ruido (al menos, del mundanal ruido de Bilbao). Alicia de Larrocha [&hellip;]<!-- AddThis Advanced Settings generic via filter on get_the_excerpt --><!-- AddThis Share Buttons generic via filter on get_the_excerpt --><\/p>\n","protected":false},"author":6,"featured_media":0,"comment_status":"open","ping_status":"closed","sticky":false,"template":"","format":"standard","meta":[],"categories":[7],"tags":[],"_links":{"self":[{"href":"https:\/\/blogs.elcorreo.com\/divergencias\/wp-json\/wp\/v2\/posts\/628"}],"collection":[{"href":"https:\/\/blogs.elcorreo.com\/divergencias\/wp-json\/wp\/v2\/posts"}],"about":[{"href":"https:\/\/blogs.elcorreo.com\/divergencias\/wp-json\/wp\/v2\/types\/post"}],"author":[{"embeddable":true,"href":"https:\/\/blogs.elcorreo.com\/divergencias\/wp-json\/wp\/v2\/users\/6"}],"replies":[{"embeddable":true,"href":"https:\/\/blogs.elcorreo.com\/divergencias\/wp-json\/wp\/v2\/comments?post=628"}],"version-history":[{"count":0,"href":"https:\/\/blogs.elcorreo.com\/divergencias\/wp-json\/wp\/v2\/posts\/628\/revisions"}],"wp:attachment":[{"href":"https:\/\/blogs.elcorreo.com\/divergencias\/wp-json\/wp\/v2\/media?parent=628"}],"wp:term":[{"taxonomy":"category","embeddable":true,"href":"https:\/\/blogs.elcorreo.com\/divergencias\/wp-json\/wp\/v2\/categories?post=628"},{"taxonomy":"post_tag","embeddable":true,"href":"https:\/\/blogs.elcorreo.com\/divergencias\/wp-json\/wp\/v2\/tags?post=628"}],"curies":[{"name":"wp","href":"https:\/\/api.w.org\/{rel}","templated":true}]}}