{"id":5413,"date":"2022-11-22T10:00:04","date_gmt":"2022-11-22T08:00:04","guid":{"rendered":"https:\/\/blogs.elcorreo.com\/divergencias\/?p=5413"},"modified":"2022-11-15T20:09:44","modified_gmt":"2022-11-15T18:09:44","slug":"un-libro-cada-semana-la-mascara-moral-de-edu-galan","status":"publish","type":"post","link":"https:\/\/blogs.elcorreo.com\/divergencias\/2022\/11\/22\/un-libro-cada-semana-la-mascara-moral-de-edu-galan\/","title":{"rendered":"Un libro cada semana: &#8216;La m\u00e1scara moral&#8217; de Edu Gal\u00e1n"},"content":{"rendered":"<p><a href=\"https:\/\/blogs.elcorreo.com\/divergencias\/wp-content\/uploads\/sites\/3\/2022\/11\/mascara.jpg\"><img loading=\"lazy\" class=\"alignleft size-medium wp-image-5415\" src=\"https:\/\/blogs.elcorreo.com\/divergencias\/wp-content\/uploads\/sites\/3\/2022\/11\/mascara-196x300.jpg\" alt=\"\" width=\"196\" height=\"300\" srcset=\"https:\/\/blogs.elcorreo.com\/divergencias\/wp-content\/uploads\/sites\/3\/2022\/11\/mascara-196x300.jpg 196w, https:\/\/blogs.elcorreo.com\/divergencias\/wp-content\/uploads\/sites\/3\/2022\/11\/mascara.jpg 552w\" sizes=\"(max-width: 196px) 100vw, 196px\" \/><\/a>Hace ahora dos a\u00f1os, Edu Gal\u00e1n public\u00f3 <em>El s\u00edndrome Woody Allen<\/em>, donde, a partir del caso del cineasta estadounidense y su linchamiento social sin denuncias formales ni pruebas solventes, hablaba sobre el cambio de valores que azota nuestras sociedades. De alguna forma, <em>La m\u00e1scara moral<\/em> es la continuaci\u00f3n l\u00f3gica de aquel ensayo. Aqu\u00ed no hay un caso al que referirse en cap\u00edtulos alternos, con lo que cambia algo la estructura del libro, pero el diagn\u00f3stico social se ampl\u00eda. Y el retrato que dibuja no es precisamente grato.<\/p>\n<p>Gal\u00e1n habla de la impostura, del baile de m\u00e1scaras en que se han convertido las redes sociales y la presencia p\u00fablica de algunos personajes. De los extra\u00f1os valores que se difunden y de c\u00f3mo un moralismo vacuo e invasivo y el populismo m\u00e1s atroz terminan por condicionar nuestras vidas.<\/p>\n<p>Porque vivimos, al menos en un mundo virtual cada vez m\u00e1s influyente en el f\u00edsico, sometidos a un buenismo que impone sus criterios y descalifica tajante, casi destructivo, a quien no comparte sus valores. En un contexto en el que ser v\u00edctima de algo, y sobre todo parecerlo, es el papel m\u00e1s apreciado \u2013por sus muchas ventajas\u2013, se\u00f1alar con el dedo a quien se considera culpable ha pasado a ser el deporte nacional. Ya no hay argumentos, hay etiquetas. Ya no se debate con argumentos y un sentido adulto de la vida. Quienes fijan \u2013sin que nadie les haya dado autoridad para ello\u2013 las normas morales se consideran legitimados para descalificar burdamente a quienes no aprueban lo que dicen. Y en ese terreno, los argumentos valen de poco porque requieren de inteligencia. Un terreno en el que quienes solo saben poner etiquetas nunca entran. Por si acaso.<br \/>\nEl libro de Edu Gal\u00e1n es esclarecedor. Y deja mal cuerpo. Muy malo.<\/p>\n<p><em>(Publicado en elcorreo.com)<\/em><\/p>\n<!-- AddThis Advanced Settings generic via filter on the_content --><!-- AddThis Share Buttons generic via filter on the_content -->","protected":false},"excerpt":{"rendered":"<p>Hace ahora dos a\u00f1os, Edu Gal\u00e1n public\u00f3 El s\u00edndrome Woody Allen, donde, a partir del caso del cineasta estadounidense y su linchamiento social sin denuncias formales ni pruebas solventes, hablaba sobre el cambio de valores que azota nuestras sociedades. De alguna forma, La m\u00e1scara moral es la continuaci\u00f3n l\u00f3gica de aquel ensayo. Aqu\u00ed no hay [&hellip;]<!-- AddThis Advanced Settings generic via filter on get_the_excerpt --><!-- AddThis Share Buttons generic via filter on get_the_excerpt --><\/p>\n","protected":false},"author":15830,"featured_media":0,"comment_status":"open","ping_status":"open","sticky":false,"template":"","format":"standard","meta":[],"categories":[5,10],"tags":[3264,3263,2570],"_links":{"self":[{"href":"https:\/\/blogs.elcorreo.com\/divergencias\/wp-json\/wp\/v2\/posts\/5413"}],"collection":[{"href":"https:\/\/blogs.elcorreo.com\/divergencias\/wp-json\/wp\/v2\/posts"}],"about":[{"href":"https:\/\/blogs.elcorreo.com\/divergencias\/wp-json\/wp\/v2\/types\/post"}],"author":[{"embeddable":true,"href":"https:\/\/blogs.elcorreo.com\/divergencias\/wp-json\/wp\/v2\/users\/15830"}],"replies":[{"embeddable":true,"href":"https:\/\/blogs.elcorreo.com\/divergencias\/wp-json\/wp\/v2\/comments?post=5413"}],"version-history":[{"count":2,"href":"https:\/\/blogs.elcorreo.com\/divergencias\/wp-json\/wp\/v2\/posts\/5413\/revisions"}],"predecessor-version":[{"id":5416,"href":"https:\/\/blogs.elcorreo.com\/divergencias\/wp-json\/wp\/v2\/posts\/5413\/revisions\/5416"}],"wp:attachment":[{"href":"https:\/\/blogs.elcorreo.com\/divergencias\/wp-json\/wp\/v2\/media?parent=5413"}],"wp:term":[{"taxonomy":"category","embeddable":true,"href":"https:\/\/blogs.elcorreo.com\/divergencias\/wp-json\/wp\/v2\/categories?post=5413"},{"taxonomy":"post_tag","embeddable":true,"href":"https:\/\/blogs.elcorreo.com\/divergencias\/wp-json\/wp\/v2\/tags?post=5413"}],"curies":[{"name":"wp","href":"https:\/\/api.w.org\/{rel}","templated":true}]}}