{"id":520,"date":"2009-04-03T20:45:00","date_gmt":"2009-04-03T20:45:00","guid":{"rendered":"http:\/\/blogs.elcorreo.com\/divergencias\/?p=520"},"modified":"2009-04-03T20:45:00","modified_gmt":"2009-04-03T20:45:00","slug":"salman-rushdie-el-correo","status":"publish","type":"post","link":"https:\/\/blogs.elcorreo.com\/divergencias\/2009\/04\/03\/salman-rushdie-el-correo\/","title":{"rendered":"Salman Rushdie, en El Correo"},"content":{"rendered":"<p><IMG src=\"\/divergencias\/wp-content\/uploads\/sites\/3\" id=\"img_0\" class=\"imgizqda\">          <\/p>\n<p style=\"margin-bottom: 0cm;\">\n<p>Esta semana ha estado en Barcelona <A href=\"http:\/\/es.wikipedia.org\/wiki\/Salman_Rushdie\" title=\"http:\/\/es.wikipedia.org\/wiki\/Salman_Rushdie\" id=\"link_0\">Salman Rushdie<\/a>. Ven\u00eda a presentar <em>La encantadora de Florencia<\/em>, su \u00faltimo libro, que apareci\u00f3 en las librer\u00edas en febrero. Creo que ya les he comentado que la novela me ha parecido excelente. Hay en ella un derroche de fantas\u00eda, unos recursos literarios al alcance de muy pocos y un lenguaje de una riqueza extraordinaria. Un verdadero fest\u00edn para el lector.  <\/p>\n<p style=\"margin-bottom: 0cm;\">\n<p style=\"margin-bottom: 0cm;\">Rushdie es un candidato al Nobel desde hace a\u00f1os. Horace Engdahl, el secretario de la Academia Sueca, lo invit\u00f3 a dar una conferencia en Estocolmo el pasado diciembre, justo unos d\u00edas antes de la solemne ceremonia de entrega del Nobel a Le Cl\u00e9zio. Tambi\u00e9n estuvo en el acto Roberto Saviano. \u00bfCasualidad o anuncio extraoficial de que el autor de <em>Hijos de la medianoche<\/em> (uno de los libros imprescindibles de cuantos se han publicado en el \u00faltimo medio siglo) est\u00e1 en el peque\u00f1o grupo de los destinados a ganar el premio mayor de la literatura en los pr\u00f3ximos tres o cuatro a\u00f1os?  <\/p>\n<p style=\"margin-bottom: 0cm;\">\n<p style=\"margin-bottom: 0cm;\">A Rushdie no parece importarle ser o no favorito. Se le ve satisfecho y hasta feliz. Acaba de salir de un mundo m\u00e1gico y se ha metido en otro, la secuela de <em>Har\u00fan y el mar de las historias<\/em>. Tuve la suerte de entrevistarlo el mi\u00e9rcoles. La entrevista la publicar\u00e1n <A href=\"http:\/\/www.elcorreo.com\/\" title=\"http:\/\/www.elcorreodigital.com\" id=\"link_1\">El Correo<\/a>  y otros peri\u00f3dicos del grupo el domingo y en ella habla de los grandes temas: el amor, el poder, la religi\u00f3n, la literatura y la vida. Huelga a\u00f1adir que dice cosas muy interesantes.<\/p>\n<p style=\"margin-bottom: 0cm;\">\n<p style=\"margin-bottom: 0cm;\">P.S. Les a\u00f1ado el <A href=\"http:\/\/www.elcorreo.com\/vizcaya\/20090405\/cultura\/grandes-escritores-plantean-decir-20090405.html\" title=\"http:\/\/www.elcorreodigital.com\/vizcaya\/20090405\/cultura\/grandes-escritores-plantean-decir-20090405.html\" id=\"link_0\">enlace<\/a>  a la entrevista.<\/p>\n<!-- AddThis Advanced Settings generic via filter on the_content --><!-- AddThis Share Buttons generic via filter on the_content -->","protected":false},"excerpt":{"rendered":"<p>Esta semana ha estado en Barcelona Salman Rushdie. Ven\u00eda a presentar La encantadora de Florencia, su \u00faltimo libro, que apareci\u00f3 en las librer\u00edas en febrero. Creo que ya les he comentado que la novela me ha parecido excelente. Hay en ella un derroche de fantas\u00eda, unos recursos literarios al alcance de muy pocos y un [&hellip;]<!-- AddThis Advanced Settings generic via filter on get_the_excerpt --><!-- AddThis Share Buttons generic via filter on get_the_excerpt --><\/p>\n","protected":false},"author":6,"featured_media":0,"comment_status":"open","ping_status":"closed","sticky":false,"template":"","format":"standard","meta":[],"categories":[5],"tags":[795,1754],"_links":{"self":[{"href":"https:\/\/blogs.elcorreo.com\/divergencias\/wp-json\/wp\/v2\/posts\/520"}],"collection":[{"href":"https:\/\/blogs.elcorreo.com\/divergencias\/wp-json\/wp\/v2\/posts"}],"about":[{"href":"https:\/\/blogs.elcorreo.com\/divergencias\/wp-json\/wp\/v2\/types\/post"}],"author":[{"embeddable":true,"href":"https:\/\/blogs.elcorreo.com\/divergencias\/wp-json\/wp\/v2\/users\/6"}],"replies":[{"embeddable":true,"href":"https:\/\/blogs.elcorreo.com\/divergencias\/wp-json\/wp\/v2\/comments?post=520"}],"version-history":[{"count":0,"href":"https:\/\/blogs.elcorreo.com\/divergencias\/wp-json\/wp\/v2\/posts\/520\/revisions"}],"wp:attachment":[{"href":"https:\/\/blogs.elcorreo.com\/divergencias\/wp-json\/wp\/v2\/media?parent=520"}],"wp:term":[{"taxonomy":"category","embeddable":true,"href":"https:\/\/blogs.elcorreo.com\/divergencias\/wp-json\/wp\/v2\/categories?post=520"},{"taxonomy":"post_tag","embeddable":true,"href":"https:\/\/blogs.elcorreo.com\/divergencias\/wp-json\/wp\/v2\/tags?post=520"}],"curies":[{"name":"wp","href":"https:\/\/api.w.org\/{rel}","templated":true}]}}