{"id":516,"date":"2009-03-28T10:00:00","date_gmt":"2009-03-28T10:00:00","guid":{"rendered":"http:\/\/blogs.elcorreo.com\/divergencias\/?p=516"},"modified":"2009-03-28T10:00:00","modified_gmt":"2009-03-28T10:00:00","slug":"la-belleza-sin-mas-razon","status":"publish","type":"post","link":"https:\/\/blogs.elcorreo.com\/divergencias\/2009\/03\/28\/la-belleza-sin-mas-razon\/","title":{"rendered":"La belleza, sin m\u00e1s raz\u00f3n"},"content":{"rendered":"<p><object  height=\"344\" width=\"425\"><param  name=\"movie\" value=\"http:\/\/www.youtube.com\/v\/AvtxnyjUuJI&#038;hl=es&#038;fs=1\"><\/param><param  name=\"allowFullScreen\" value=\"true\"><\/param><param  name=\"allowscriptaccess\" value=\"always\"><\/param><embed  src=\"\/\/www.youtube.com\/v\/AvtxnyjUuJI&#038;hl=es&#038;fs=1\" type=\"application\/x-shockwave-flash\" allowscriptaccess=\"always\" allowfullscreen=\"true\" height=\"344\" width=\"425\"><\/embed><\/object><\/p>\n<p style=\"margin-bottom: 0cm;\">S\u00e1bado. La primavera meteorol\u00f3gica ha abierto un par\u00e9ntesis (imagino que la parte de las hormonas seguir\u00e1 igual) y se anuncian d\u00edas frescos y lluviosos, como de finales de febrero m\u00e1s que de marzo. Buen momento para dejarles un v\u00eddeo con el que estoy seguro que van a disfrutar.  <\/p>\n<p style=\"margin-bottom: 0cm;\">\n<p style=\"margin-bottom: 0cm;\">Se trata del aria <em>Oh quante volte<\/em> de <A href=\"http:\/\/www.geocities.com\/Vienna\/Choir\/7652\/capuletos\/capuletos.htm\" title=\"http:\/\/www.geocities.com\/Vienna\/Choir\/7652\/capuletos\/capuletos.htm\" id=\"link_0\">Capuletos y Montescos<\/a>, de <A href=\"http:\/\/es.wikipedia.org\/wiki\/Bellini\" title=\"http:\/\/es.wikipedia.org\/wiki\/Bellini\" id=\"link_1\">Bellini<\/a> , intrerpretada por Katia Ricciarelli. \u00bfAlguna raz\u00f3n para colocar esta aria y no otra? Ninguna, salvo que es bell\u00edsima. <\/p>\n<p style=\"margin-bottom: 0cm;\">\n<p style=\"margin-bottom: 0cm;\">(Pese a que el sonido es malillo, esta versi\u00f3n tiene la ventaja de que se puede ver &#8216;actuar&#8217; a la cantante).<\/p>\n<!-- AddThis Advanced Settings generic via filter on the_content --><!-- AddThis Share Buttons generic via filter on the_content -->","protected":false},"excerpt":{"rendered":"<p>S\u00e1bado. La primavera meteorol\u00f3gica ha abierto un par\u00e9ntesis (imagino que la parte de las hormonas seguir\u00e1 igual) y se anuncian d\u00edas frescos y lluviosos, como de finales de febrero m\u00e1s que de marzo. Buen momento para dejarles un v\u00eddeo con el que estoy seguro que van a disfrutar. Se trata del aria Oh quante volte [&hellip;]<!-- AddThis Advanced Settings generic via filter on get_the_excerpt --><!-- AddThis Share Buttons generic via filter on get_the_excerpt --><\/p>\n","protected":false},"author":6,"featured_media":0,"comment_status":"open","ping_status":"closed","sticky":false,"template":"","format":"standard","meta":[],"categories":[7],"tags":[259,2128],"_links":{"self":[{"href":"https:\/\/blogs.elcorreo.com\/divergencias\/wp-json\/wp\/v2\/posts\/516"}],"collection":[{"href":"https:\/\/blogs.elcorreo.com\/divergencias\/wp-json\/wp\/v2\/posts"}],"about":[{"href":"https:\/\/blogs.elcorreo.com\/divergencias\/wp-json\/wp\/v2\/types\/post"}],"author":[{"embeddable":true,"href":"https:\/\/blogs.elcorreo.com\/divergencias\/wp-json\/wp\/v2\/users\/6"}],"replies":[{"embeddable":true,"href":"https:\/\/blogs.elcorreo.com\/divergencias\/wp-json\/wp\/v2\/comments?post=516"}],"version-history":[{"count":0,"href":"https:\/\/blogs.elcorreo.com\/divergencias\/wp-json\/wp\/v2\/posts\/516\/revisions"}],"wp:attachment":[{"href":"https:\/\/blogs.elcorreo.com\/divergencias\/wp-json\/wp\/v2\/media?parent=516"}],"wp:term":[{"taxonomy":"category","embeddable":true,"href":"https:\/\/blogs.elcorreo.com\/divergencias\/wp-json\/wp\/v2\/categories?post=516"},{"taxonomy":"post_tag","embeddable":true,"href":"https:\/\/blogs.elcorreo.com\/divergencias\/wp-json\/wp\/v2\/tags?post=516"}],"curies":[{"name":"wp","href":"https:\/\/api.w.org\/{rel}","templated":true}]}}