{"id":328,"date":"2007-12-31T13:11:00","date_gmt":"2007-12-31T13:11:00","guid":{"rendered":"http:\/\/blogs.elcorreo.com\/divergencias\/?p=328"},"modified":"2007-12-31T13:11:00","modified_gmt":"2007-12-31T13:11:00","slug":"quien-maneje-anecdotas-gobernara-mundo","status":"publish","type":"post","link":"https:\/\/blogs.elcorreo.com\/divergencias\/2007\/12\/31\/quien-maneje-anecdotas-gobernara-mundo\/","title":{"rendered":"Quien maneje las an\u00e9cdotas, gobernar\u00e1 el mundo"},"content":{"rendered":"<p><IMG src=\"\/divergencias\/files\/41558_GF0BTF21.jpg\" id=\"img_0\" class=\"imgcen\"><strong><\/p>\n<p><\/strong><strong><\/strong>S\u00ed, definitivamente hemos entrado en otro, e<strong>n el mundo de la an\u00e9cdota. <\/strong>Con  la que est\u00e1 cayendo. De lo del Rey y Ch\u00e1vez <strong>s\u00f3lo nos acordamos del por qu\u00e9 no te callas. <\/strong>Nadie se acuerda de por qu\u00e9 se lo dijo ni de lo que estaba diciendo el pat\u00e9tico y peligroso venezolano. De la aparici\u00f3n de Zapatero en la tele, nos quedamos con<strong>el caf\u00e9 a 80 cts., <\/strong>y de la pol\u00edtica econ\u00f3mica de Solbes, con <strong>las propinas del euro y con el conejo<\/strong>. De lo dem\u00e1s, de lo que <strong>queda detr\u00e1s, yo me quedo en blanco.<br \/>\nQuien domine mejor las an\u00e9cdotas ganar\u00e1 las elecciones.<\/strong><\/p>\n<p>P.S. S\u00e9 que este blog va de cultura, pero si la gastronom\u00eda y el f\u00fatbol tambi\u00e9n lo son, \u00bfpor qu\u00e9 no iba serlo la pol\u00edtica?<\/p>\n<!-- AddThis Advanced Settings generic via filter on the_content --><!-- AddThis Share Buttons generic via filter on the_content -->","protected":false},"excerpt":{"rendered":"<p>S\u00ed, definitivamente hemos entrado en otro, en el mundo de la an\u00e9cdota. Con la que est\u00e1 cayendo. De lo del Rey y Ch\u00e1vez s\u00f3lo nos acordamos del por qu\u00e9 no te callas. Nadie se acuerda de por qu\u00e9 se lo dijo ni de lo que estaba diciendo el pat\u00e9tico y peligroso venezolano. De la aparici\u00f3n [&hellip;]<!-- AddThis Advanced Settings generic via filter on get_the_excerpt --><!-- AddThis Share Buttons generic via filter on get_the_excerpt --><\/p>\n","protected":false},"author":7,"featured_media":0,"comment_status":"open","ping_status":"closed","sticky":false,"template":"","format":"standard","meta":[],"categories":[1],"tags":[],"_links":{"self":[{"href":"https:\/\/blogs.elcorreo.com\/divergencias\/wp-json\/wp\/v2\/posts\/328"}],"collection":[{"href":"https:\/\/blogs.elcorreo.com\/divergencias\/wp-json\/wp\/v2\/posts"}],"about":[{"href":"https:\/\/blogs.elcorreo.com\/divergencias\/wp-json\/wp\/v2\/types\/post"}],"author":[{"embeddable":true,"href":"https:\/\/blogs.elcorreo.com\/divergencias\/wp-json\/wp\/v2\/users\/7"}],"replies":[{"embeddable":true,"href":"https:\/\/blogs.elcorreo.com\/divergencias\/wp-json\/wp\/v2\/comments?post=328"}],"version-history":[{"count":0,"href":"https:\/\/blogs.elcorreo.com\/divergencias\/wp-json\/wp\/v2\/posts\/328\/revisions"}],"wp:attachment":[{"href":"https:\/\/blogs.elcorreo.com\/divergencias\/wp-json\/wp\/v2\/media?parent=328"}],"wp:term":[{"taxonomy":"category","embeddable":true,"href":"https:\/\/blogs.elcorreo.com\/divergencias\/wp-json\/wp\/v2\/categories?post=328"},{"taxonomy":"post_tag","embeddable":true,"href":"https:\/\/blogs.elcorreo.com\/divergencias\/wp-json\/wp\/v2\/tags?post=328"}],"curies":[{"name":"wp","href":"https:\/\/api.w.org\/{rel}","templated":true}]}}