{"id":2695,"date":"2016-11-14T10:00:52","date_gmt":"2016-11-14T08:00:52","guid":{"rendered":"http:\/\/blogs.elcorreo.com\/divergencias\/?p=2695"},"modified":"2016-11-14T10:00:52","modified_gmt":"2016-11-14T08:00:52","slug":"un-libro-cada-semana-la-hora-de-despertarnos-juntos-de-kirmen-uribe","status":"publish","type":"post","link":"https:\/\/blogs.elcorreo.com\/divergencias\/2016\/11\/14\/un-libro-cada-semana-la-hora-de-despertarnos-juntos-de-kirmen-uribe\/","title":{"rendered":"Un libro cada semana: &#039;La hora de despertarnos juntos&#039; de Kirmen Uribe"},"content":{"rendered":"<p><a href=\"\/divergencias\/wp-content\/uploads\/sites\/3\/2016\/11\/la-hora-de-despertarnos-juntos.jpg\"><img loading=\"lazy\" class=\"alignleft size-medium wp-image-2696\" title=\"la hora de despertarnos juntos\" src=\"\/divergencias\/wp-content\/uploads\/sites\/3\/2016\/11\/la-hora-de-despertarnos-juntos.jpg\" alt=\"\" width=\"175\" height=\"300\" srcset=\"https:\/\/blogs.elcorreo.com\/divergencias\/wp-content\/uploads\/sites\/3\/2016\/11\/la-hora-de-despertarnos-juntos.jpg 2000w, https:\/\/blogs.elcorreo.com\/divergencias\/wp-content\/uploads\/sites\/3\/2016\/11\/la-hora-de-despertarnos-juntos-175x300.jpg 175w, https:\/\/blogs.elcorreo.com\/divergencias\/wp-content\/uploads\/sites\/3\/2016\/11\/la-hora-de-despertarnos-juntos-768x1314.jpg 768w, https:\/\/blogs.elcorreo.com\/divergencias\/wp-content\/uploads\/sites\/3\/2016\/11\/la-hora-de-despertarnos-juntos-598x1024.jpg 598w\" sizes=\"(max-width: 175px) 100vw, 175px\" \/><\/a><em>La hora de despertarnos juntos<\/em> (el t\u00edtulo surge de un verso de Ezra Pound) es el relato detallado de la vida de Karmele Urresti, que <strong>el autor oy\u00f3 por primera vez cuando era ni\u00f1o<\/strong>. Entonces no prest\u00f3 mucha atenci\u00f3n a lo que contaba aquella anciana, madre de una amiga de la propia madre del escritor. Pero pasado el tiempo, la historia termin\u00f3 por imponerse y Uribe emprendi\u00f3 la tarea de indagar en <strong>una peripecia vital que transcurre a lo largo de un tiempo crucial para la historia de Euskadi, Espa\u00f1a y el mundo<\/strong>.<\/p>\n<p>La novela se centra en la pareja formada por Karmele y quien pronto ser\u00e1 su marido, un m\u00fasico a quien sus ideales llevar\u00e1n a trabajar para el Gobierno vasco presidido por Jos\u00e9 Antonio Agirre, afrontando riesgos y pagando un alt\u00edsimo precio por ello. Pero <em>La hora de despertarnos juntos<\/em> es, ante todo, <strong>una novela coral<\/strong> por la que desfilan numerosos personajes, muchos de los cuales est\u00e1n en la Historia: desde el mismo lehendakari a Manu Sota, descendiente de la familia m\u00e1s rica y poderosa del Pa\u00eds Vasco hasta la Guerra Civil, pasando por el pintor Gezala, el alcalde Lequerica y muchos m\u00e1s.<\/p>\n<p>Hay pol\u00edtica e Historia, pero la novela va m\u00e1s all\u00e1. Se trata de un relato de enorme humanidad, con seres de carne y hueso, so\u00f1adores y perdedores, como dice Uribe, que<strong> dibujan un tiempo oscuro en el que sin embargo nunca cedieron a la desesperanza<\/strong>. Todos ellos configuran un relato que atrapa al lector y le hace entender, m\u00e1s all\u00e1 de los trabajos acad\u00e9micos, lo que sucedi\u00f3 en la parte central del siglo XX y c\u00f3mo algunas de las cosas ocurridas no hace tanto tiempo tuvieron entonces su origen.<\/p>\n<p>&nbsp;<\/p>\n<p><em>(Publicado en elcorreo.com)<\/em><\/p>\n<!-- AddThis Advanced Settings generic via filter on the_content --><!-- AddThis Share Buttons generic via filter on the_content -->","protected":false},"excerpt":{"rendered":"<p>La hora de despertarnos juntos (el t\u00edtulo surge de un verso de Ezra Pound) es el relato detallado de la vida de Karmele Urresti, que el autor oy\u00f3 por primera vez cuando era ni\u00f1o. Entonces no prest\u00f3 mucha atenci\u00f3n a lo que contaba aquella anciana, madre de una amiga de la propia madre del escritor. [&hellip;]<!-- AddThis Advanced Settings generic via filter on get_the_excerpt --><!-- AddThis Share Buttons generic via filter on get_the_excerpt --><\/p>\n","protected":false},"author":15830,"featured_media":0,"comment_status":"open","ping_status":"open","sticky":false,"template":"","format":"standard","meta":[],"categories":[5,10],"tags":[1021,1074,1395,1522],"_links":{"self":[{"href":"https:\/\/blogs.elcorreo.com\/divergencias\/wp-json\/wp\/v2\/posts\/2695"}],"collection":[{"href":"https:\/\/blogs.elcorreo.com\/divergencias\/wp-json\/wp\/v2\/posts"}],"about":[{"href":"https:\/\/blogs.elcorreo.com\/divergencias\/wp-json\/wp\/v2\/types\/post"}],"author":[{"embeddable":true,"href":"https:\/\/blogs.elcorreo.com\/divergencias\/wp-json\/wp\/v2\/users\/15830"}],"replies":[{"embeddable":true,"href":"https:\/\/blogs.elcorreo.com\/divergencias\/wp-json\/wp\/v2\/comments?post=2695"}],"version-history":[{"count":0,"href":"https:\/\/blogs.elcorreo.com\/divergencias\/wp-json\/wp\/v2\/posts\/2695\/revisions"}],"wp:attachment":[{"href":"https:\/\/blogs.elcorreo.com\/divergencias\/wp-json\/wp\/v2\/media?parent=2695"}],"wp:term":[{"taxonomy":"category","embeddable":true,"href":"https:\/\/blogs.elcorreo.com\/divergencias\/wp-json\/wp\/v2\/categories?post=2695"},{"taxonomy":"post_tag","embeddable":true,"href":"https:\/\/blogs.elcorreo.com\/divergencias\/wp-json\/wp\/v2\/tags?post=2695"}],"curies":[{"name":"wp","href":"https:\/\/api.w.org\/{rel}","templated":true}]}}