{"id":1800,"date":"2013-10-07T13:08:09","date_gmt":"2013-10-07T11:08:09","guid":{"rendered":"http:\/\/blogs.elcorreo.com\/divergencias\/?p=1800"},"modified":"2013-10-07T13:08:09","modified_gmt":"2013-10-07T11:08:09","slug":"un-libro-cada-semana-por-si-se-va-la-luz-de-lara-moreno","status":"publish","type":"post","link":"https:\/\/blogs.elcorreo.com\/divergencias\/2013\/10\/07\/un-libro-cada-semana-por-si-se-va-la-luz-de-lara-moreno\/","title":{"rendered":"Un libro cada semana: &#039;Por si se va la luz&#039; de Lara Moreno"},"content":{"rendered":"<p><a href=\"\/divergencias\/wp-content\/uploads\/sites\/3\/2013\/10\/por-si-se-va-la-luz-.jpg\"><img loading=\"lazy\" class=\"alignleft size-medium wp-image-1801\" title=\"por-si-se-va-la-luz-\" src=\"\/divergencias\/wp-content\/uploads\/sites\/3\/2013\/10\/por-si-se-va-la-luz-.jpg\" alt=\"\" width=\"200\" height=\"300\" srcset=\"https:\/\/blogs.elcorreo.com\/divergencias\/wp-content\/uploads\/sites\/3\/2013\/10\/por-si-se-va-la-luz-.jpg 650w, https:\/\/blogs.elcorreo.com\/divergencias\/wp-content\/uploads\/sites\/3\/2013\/10\/por-si-se-va-la-luz--200x300.jpg 200w\" sizes=\"(max-width: 200px) 100vw, 200px\" \/><\/a>Lara Moreno es una joven escritora andaluza (tiene solo 35 a\u00f1os) que ha publicado varios vol\u00famenes de cuentos y figura ya en algunas antolog\u00edas del relato breve. <em>Por si se va la luz<\/em> es su primera novela y el t\u00edtulo se refiere a <strong>algo que hace uno de los protagonistas: comprar una vieja m\u00e1quina de escribir y algunas cintas para la misma y meterla en el breve equipaje<\/strong> con el que llegan a un pueblo, busc\u00e1ndose a s\u00ed mismos y, sobre todo, indagando en la esencia de la vida.<\/p>\n<p>La novela comienza cuando Nadia y Mart\u00edn se instalan en una casa de un peque\u00f1o pueblo. Huyen de la ciudad y gracias a una organizaci\u00f3n empe\u00f1ada en repoblar peque\u00f1os n\u00facleos rurales han llegado a un lugar en el que no conocen a nadie. <strong>Huyen tambi\u00e9n del vac\u00edo, del aburrimiento de quienes no han sabido dar un sentido claro a su vida<\/strong>. Incluso del vac\u00edo de quienes, siendo pareja, estaban a punto de dejar de serlo. Poco a poco ir\u00e1n conociendo a los tres habitantes del pueblo \u2013llegar\u00e1n dos m\u00e1s con posterioridad\u2013, sus vidas sencillas y sin horizonte, sus aspiraciones inexistentes, su a veces extra\u00f1a forma de dejar transcurrir el tiempo, sin m\u00e1s deseos.<\/p>\n<p>Moreno ha escrito una novela con m\u00faltiples voces narrativas. Cuentan Nadia y Mart\u00edn, pero lo hacen tambi\u00e9n otros personajes, incluso un narrador convencional, una tercera persona que no participa de la acci\u00f3n. <strong>Todo en el libro est\u00e1 narrado con un ritmo lento, reflexivo<\/strong>. Pasan pocas cosas y a veces se sabe m\u00e1s por lo que se intuye que por lo que se cuenta. El lector es testigo de las dudas y obsesiones que atenazan a los personajes y que son narradas con distancia, sin a\u00f1adir implicaci\u00f3n emocional. Hay una m\u00e1quina de escribir &#8220;por si se va la luz&#8221;, medio centenar de libros por leer y nada m\u00e1s con lo que pasar el tiempo o edificar fantas\u00edas. Con tan pocos materiales \u2013m\u00e1s el sexo, que no necesita instrumentos ajenos\u2013 los personajes se disponen a construir una vida nueva. O quiz\u00e1 no tanto. He aqu\u00ed una novela poco habitual en la narrativa de hoy.<\/p>\n<p>&nbsp;<\/p>\n<p><em>(Publicado en elcorreo.com)<\/em><\/p>\n<p>&nbsp;<\/p>\n<!-- AddThis Advanced Settings generic via filter on the_content --><!-- AddThis Share Buttons generic via filter on the_content -->","protected":false},"excerpt":{"rendered":"<p>Lara Moreno es una joven escritora andaluza (tiene solo 35 a\u00f1os) que ha publicado varios vol\u00famenes de cuentos y figura ya en algunas antolog\u00edas del relato breve. Por si se va la luz es su primera novela y el t\u00edtulo se refiere a algo que hace uno de los protagonistas: comprar una vieja m\u00e1quina de [&hellip;]<!-- AddThis Advanced Settings generic via filter on get_the_excerpt --><!-- AddThis Share Buttons generic via filter on get_the_excerpt --><\/p>\n","protected":false},"author":6,"featured_media":0,"comment_status":"open","ping_status":"open","sticky":false,"template":"","format":"standard","meta":[],"categories":[5,10],"tags":[],"_links":{"self":[{"href":"https:\/\/blogs.elcorreo.com\/divergencias\/wp-json\/wp\/v2\/posts\/1800"}],"collection":[{"href":"https:\/\/blogs.elcorreo.com\/divergencias\/wp-json\/wp\/v2\/posts"}],"about":[{"href":"https:\/\/blogs.elcorreo.com\/divergencias\/wp-json\/wp\/v2\/types\/post"}],"author":[{"embeddable":true,"href":"https:\/\/blogs.elcorreo.com\/divergencias\/wp-json\/wp\/v2\/users\/6"}],"replies":[{"embeddable":true,"href":"https:\/\/blogs.elcorreo.com\/divergencias\/wp-json\/wp\/v2\/comments?post=1800"}],"version-history":[{"count":0,"href":"https:\/\/blogs.elcorreo.com\/divergencias\/wp-json\/wp\/v2\/posts\/1800\/revisions"}],"wp:attachment":[{"href":"https:\/\/blogs.elcorreo.com\/divergencias\/wp-json\/wp\/v2\/media?parent=1800"}],"wp:term":[{"taxonomy":"category","embeddable":true,"href":"https:\/\/blogs.elcorreo.com\/divergencias\/wp-json\/wp\/v2\/categories?post=1800"},{"taxonomy":"post_tag","embeddable":true,"href":"https:\/\/blogs.elcorreo.com\/divergencias\/wp-json\/wp\/v2\/tags?post=1800"}],"curies":[{"name":"wp","href":"https:\/\/api.w.org\/{rel}","templated":true}]}}