{"id":1326,"date":"2012-04-24T19:10:00","date_gmt":"2012-04-24T18:10:00","guid":{"rendered":"http:\/\/blogs.elcorreo.com\/divergencias\/?p=1326"},"modified":"2012-04-24T19:10:00","modified_gmt":"2012-04-24T18:10:00","slug":"gernika-a-los-75-anos-y-el-piano-de-achucarro","status":"publish","type":"post","link":"https:\/\/blogs.elcorreo.com\/divergencias\/2012\/04\/24\/gernika-a-los-75-anos-y-el-piano-de-achucarro\/","title":{"rendered":"Gernika a los 75 a\u00f1os y el piano de Ach\u00facarro"},"content":{"rendered":"<p>Este jueves se cumplen <strong>75 a\u00f1os del bombardeo de Gernika<\/strong>. Una atrocidad, no hace falta reiterarlo. Con ese motivo, la Orquesta Sinf\u00f3nica de Euskadi (OSE) hace un gui\u00f1o y presenta en su concierto de Bilbao, que se repite dos d\u00edas m\u00e1s tarde en Pamplona, la obra <em>Gernika<\/em> de Soroz\u00e1bal, un fragmento del <em>Requiem<\/em> de Faur\u00e9 (<em>In Paradisum<\/em>), dos obras de Richard Strauss (<em>Muerte y transfiguraci\u00f3n<\/em> y <em>Till Eulenspiegel<\/em>). Pero, a mi juicio, la partitura sobre la que descansa el concierto es la <em>Rapsodia sobre un tema de Paganini<\/em>, de <strong>Rachmaninov<\/strong>, con Joaqu\u00edn Ach\u00facarro al piano.<\/p>\n<p>Como saben, <strong>esta es la obra fetiche de Ach\u00facarro<\/strong>. La ha interpretado en concierto m\u00e1s de cien veces, d\u00e1ndole una intensidad, un lirismo verdaderamente singular. Por eso quiero recomendarles este concierto. Por Gernika, por las piezas de Strauss, pero sobre todo por ese concierto para piano enmascarado (algunos incluso lo denominan concierto N\u00ba 5) que tiene momentos inolvidables. Por si no pueden asistir, o si asisten pero quieren escucharlo una y otra vez, hay una grabaci\u00f3n discogr\u00e1fica de esa obra a cargo de Ach\u00facarro. Es un <a href=\"http:\/\/www.rtve.es\/rne\/sello\/65236\/index.htm\" target=\"_blank\" rel=\"external nofollow\">disco<\/a> de la colecci\u00f3n<em> Grandes Pianistas Espa\u00f1oles<\/em>, que lanz\u00f3 el sello RTVE hasta que la crisis se llev\u00f3 tantos proyectos interesantes por delante. Se trata de <strong>una grabaci\u00f3n procedente de la radio, que recoge un concierto en la plaza Porticada de Santander, en agosto de 1980<\/strong>. T\u00e9cnicamente, la grabaci\u00f3n es solo regular, como pueden imaginar. Pero hay mucha emoci\u00f3n en esa lectura de una obra de enorme exigencia t\u00e9cnica. <strong>No lo duden: vayan al concierto y luego adquieran el disco<\/strong>. O al rev\u00e9s, que da lo mismo.<\/p>\n<!-- AddThis Advanced Settings generic via filter on the_content --><!-- AddThis Share Buttons generic via filter on the_content -->","protected":false},"excerpt":{"rendered":"<p>Este jueves se cumplen 75 a\u00f1os del bombardeo de Gernika. Una atrocidad, no hace falta reiterarlo. Con ese motivo, la Orquesta Sinf\u00f3nica de Euskadi (OSE) hace un gui\u00f1o y presenta en su concierto de Bilbao, que se repite dos d\u00edas m\u00e1s tarde en Pamplona, la obra Gernika de Soroz\u00e1bal, un fragmento del Requiem de Faur\u00e9 [&hellip;]<!-- AddThis Advanced Settings generic via filter on get_the_excerpt --><!-- AddThis Share Buttons generic via filter on get_the_excerpt --><\/p>\n","protected":false},"author":6,"featured_media":0,"comment_status":"open","ping_status":"closed","sticky":false,"template":"","format":"standard","meta":[],"categories":[4,7],"tags":[44,1015,2059,2291,2315],"_links":{"self":[{"href":"https:\/\/blogs.elcorreo.com\/divergencias\/wp-json\/wp\/v2\/posts\/1326"}],"collection":[{"href":"https:\/\/blogs.elcorreo.com\/divergencias\/wp-json\/wp\/v2\/posts"}],"about":[{"href":"https:\/\/blogs.elcorreo.com\/divergencias\/wp-json\/wp\/v2\/types\/post"}],"author":[{"embeddable":true,"href":"https:\/\/blogs.elcorreo.com\/divergencias\/wp-json\/wp\/v2\/users\/6"}],"replies":[{"embeddable":true,"href":"https:\/\/blogs.elcorreo.com\/divergencias\/wp-json\/wp\/v2\/comments?post=1326"}],"version-history":[{"count":0,"href":"https:\/\/blogs.elcorreo.com\/divergencias\/wp-json\/wp\/v2\/posts\/1326\/revisions"}],"wp:attachment":[{"href":"https:\/\/blogs.elcorreo.com\/divergencias\/wp-json\/wp\/v2\/media?parent=1326"}],"wp:term":[{"taxonomy":"category","embeddable":true,"href":"https:\/\/blogs.elcorreo.com\/divergencias\/wp-json\/wp\/v2\/categories?post=1326"},{"taxonomy":"post_tag","embeddable":true,"href":"https:\/\/blogs.elcorreo.com\/divergencias\/wp-json\/wp\/v2\/tags?post=1326"}],"curies":[{"name":"wp","href":"https:\/\/api.w.org\/{rel}","templated":true}]}}