{"id":1164,"date":"2011-10-16T17:11:20","date_gmt":"2011-10-16T16:11:20","guid":{"rendered":"http:\/\/blogs.elcorreo.com\/divergencias\/?p=1164"},"modified":"2011-10-16T17:11:20","modified_gmt":"2011-10-16T16:11:20","slug":"planeta-en-su-orbita","status":"publish","type":"post","link":"https:\/\/blogs.elcorreo.com\/divergencias\/2011\/10\/16\/planeta-en-su-orbita\/","title":{"rendered":"Planeta en su \u00f3rbita"},"content":{"rendered":"<p>Los rumores del d\u00eda anterior no resultaron ciertos pero ayer s\u00e1bado ya se daba por hecho a media ma\u00f1ana que el <a href=\"http:\/\/www.elcorreo.com\/vizcaya\/rc\/20111016\/cultura\/javier-moro-gana-planeta-201110160003.html\" target=\"_blank\" rel=\"external nofollow\">ganador del Planeta<\/a> era Javier Moro, como as\u00ed fue. \u00bfDecepci\u00f3n tras el triunfo de Eduardo Mendoza el a\u00f1o pasado y dado que se hablaba de conmemorar el 60 aniversario del galard\u00f3n con un gui\u00f1o a la literatura? Puede que s\u00ed, pero creo que con Javier Moro el Planeta se sit\u00faa en su \u00f3rbita.<\/p>\n<p>Me explico. Es dif\u00edcil, muy dif\u00edcil, que un premio que mueve los millones que maneja el Planeta pueda sostenerse premiando a la literatura m\u00e1s exigente. S\u00ed, ya s\u00e9 que si miramos el palmar\u00e9s del galard\u00f3n encontramos nombres como Vargas Llosa, Cela, Mars\u00e9. Torrente Ballester, Mu\u00f1oz Molina y algunos ilustres m\u00e1s. Pero, por un lado, de todo eso ha pasado mucho tiempo y, por otro, ninguno de esos autores present\u00f3 a concurso (no hace falta que tomen esta expresi\u00f3n al pie de la letra) su mejor obra. Ni mucho menos.<\/p>\n<p>Creo que, en este momento, situarse por encima del medio mill\u00f3n de ejemplares vendidos, que imagino que es el umbral de la rentabilidad para la editorial, no est\u00e1 garantizado precisamente&#8230; a quienes se dedican a la literatura en su sentido m\u00e1s estricto. De otra forma: Vargas Llosa, Cela, Mars\u00e9. Mu\u00f1oz Molina&#8230; pero tambi\u00e9n Cercas, como Mar\u00edas y unos cuantos m\u00e1s no alcanzan esas ventas. Venden mucho, pero no tanto y desde luego no tanto en un plazo muy corto, como pretenden los due\u00f1os de la editorial.<\/p>\n<p>Sin duda debido a eso, la categor\u00eda literaria de los ganadores del premio fue descendiendo, al tiempo que se optaba por caras famosas de la TV, autores de obra a menudo escasa pero que se hac\u00edan una magn\u00edfica autopromoci\u00f3n saliendo cada d\u00eda en sus programas de la peque\u00f1a pantalla. Eso explica que el Planeta lo hayan ganado en los \u00faltimos a\u00f1os personas cuya aportaci\u00f3n a la literatura tiende a cero.<\/p>\n<p>Javier Moro no pertenece a ese mundo del glamour televisivo pero domina la t\u00e9cnica del best seller. Sabe encontrar historias interesantes, se documenta seriamente y narra de forma eficaz. Es decir, es un honrado artesano que no aspira a ganar el Cervantes pero tampoco basa su \u00e9xito en presentar <em>shows<\/em> televisivos ni en participar en programas del m\u00e1s brutal cotilleo. Ah\u00ed creo que puede estar la \u00f3rbita del Planeta: en un punto equidistante entre la literatura pura y el subproducto firmado por el famosillo de turno. Y, por supuesto, garantizando, hasta donde es posible hacerlo, unas ventas importantes.<\/p>\n<!-- AddThis Advanced Settings generic via filter on the_content --><!-- AddThis Share Buttons generic via filter on the_content -->","protected":false},"excerpt":{"rendered":"<p>Los rumores del d\u00eda anterior no resultaron ciertos pero ayer s\u00e1bado ya se daba por hecho a media ma\u00f1ana que el ganador del Planeta era Javier Moro, como as\u00ed fue. \u00bfDecepci\u00f3n tras el triunfo de Eduardo Mendoza el a\u00f1o pasado y dado que se hablaba de conmemorar el 60 aniversario del galard\u00f3n con un gui\u00f1o [&hellip;]<!-- AddThis Advanced Settings generic via filter on get_the_excerpt --><!-- AddThis Share Buttons generic via filter on get_the_excerpt --><\/p>\n","protected":false},"author":6,"featured_media":0,"comment_status":"open","ping_status":"closed","sticky":false,"template":"","format":"standard","meta":[],"categories":[5],"tags":[1252,1442,1938,2500],"_links":{"self":[{"href":"https:\/\/blogs.elcorreo.com\/divergencias\/wp-json\/wp\/v2\/posts\/1164"}],"collection":[{"href":"https:\/\/blogs.elcorreo.com\/divergencias\/wp-json\/wp\/v2\/posts"}],"about":[{"href":"https:\/\/blogs.elcorreo.com\/divergencias\/wp-json\/wp\/v2\/types\/post"}],"author":[{"embeddable":true,"href":"https:\/\/blogs.elcorreo.com\/divergencias\/wp-json\/wp\/v2\/users\/6"}],"replies":[{"embeddable":true,"href":"https:\/\/blogs.elcorreo.com\/divergencias\/wp-json\/wp\/v2\/comments?post=1164"}],"version-history":[{"count":0,"href":"https:\/\/blogs.elcorreo.com\/divergencias\/wp-json\/wp\/v2\/posts\/1164\/revisions"}],"wp:attachment":[{"href":"https:\/\/blogs.elcorreo.com\/divergencias\/wp-json\/wp\/v2\/media?parent=1164"}],"wp:term":[{"taxonomy":"category","embeddable":true,"href":"https:\/\/blogs.elcorreo.com\/divergencias\/wp-json\/wp\/v2\/categories?post=1164"},{"taxonomy":"post_tag","embeddable":true,"href":"https:\/\/blogs.elcorreo.com\/divergencias\/wp-json\/wp\/v2\/tags?post=1164"}],"curies":[{"name":"wp","href":"https:\/\/api.w.org\/{rel}","templated":true}]}}