{"id":1151,"date":"2011-10-04T16:42:54","date_gmt":"2011-10-04T15:42:54","guid":{"rendered":"http:\/\/blogs.elcorreo.com\/divergencias\/?p=1151"},"modified":"2011-10-04T16:42:54","modified_gmt":"2011-10-04T15:42:54","slug":"quien-ganara-el-nobel-de-literatura-este-ano","status":"publish","type":"post","link":"https:\/\/blogs.elcorreo.com\/divergencias\/2011\/10\/04\/quien-ganara-el-nobel-de-literatura-este-ano\/","title":{"rendered":"\u00bfQui\u00e9n ganar\u00e1 el Nobel de Literatura este a\u00f1o?"},"content":{"rendered":"<p><a href=\"\/divergencias\/wp-content\/uploads\/sites\/3\/2011\/10\/medium_philip-roth.jpg\"><img loading=\"lazy\" class=\"alignleft size-full wp-image-1152\" title=\"medium_philip-roth-229x300\" src=\"\/divergencias\/wp-content\/uploads\/sites\/3\/2011\/10\/medium_philip-roth.jpg\" alt=\"\" width=\"229\" height=\"300\" \/><\/a>El pr\u00f3ximo jueves, a la una en punto (hora espa\u00f1ola), el secretario permanente de la Academia sueca, <a href=\"http:\/\/www.lavozdigital.es\/cadiz\/v\/20110318\/sociedad\/hombre-hace-felices-escritores-20110318.html\" target=\"_blank\" rel=\"external nofollow\">Peter Englund<\/a>, abrir\u00e1 la puerta de su despacho, saldr\u00e1 a la sala donde se celebra la lectura solemne del discurso de recepci\u00f3n del Nobel y frente a los periodistas y las c\u00e1maras de TV anunciar\u00e1 el nombre del escritor que entrar\u00e1 en el Olimpo. El a\u00f1o pasado, tras casi dos d\u00e9cadas de figurar en todas las quinielas como uno de los favoritos, el elegido fue <a href=\"http:\/\/www.mvargasllosa.com\/\" target=\"_blank\" rel=\"external nofollow\">Mario Vargas Llosa<\/a>. <strong>\u00bfQui\u00e9n lo ganar\u00e1 esta vez?<\/strong><\/p>\n<p>Si atendemos a <strong>las casas de apuestas, el candidato mejor colocado es el poeta Adonis<\/strong>. Tras el figuran el tambi\u00e9n poeta Tomas Transtromer, nacido en la misma ciudad de Estocolmo donde se anuncian y entregan los premios, y a continuaci\u00f3n Haruki Murakami. En el momento en que escribo estas l\u00edneas, el cuarto favorito en la lista de la casa de apuestas Ladbrokes es&#8230; Bob Dylan, por delante de escritores de tant\u00edsimo nivel como Thomas Pynchon, Philip Roth, Joyce Carol Oates, Amos Oz, Lobo Antunes y otros. El primer escritor en espa\u00f1ol es Ernesto Cardenal y a continuaci\u00f3n est\u00e1 Juan Mars\u00e9, los dos m\u00e1s o menos hacia el puesto 40.<\/p>\n<p>El a\u00f1o pasado las apuestas no dieron en el clavo. Minutos antes de anunciarse el galardonado, Vargas Llosa ocupaba un puesto alto pero discreto. En las ediciones anteriores, en cambio, movimientos de \u00faltima hora hicieron que quienes finalmente lo ganaron estuvieran en lo m\u00e1s alto de las preferencias de los apostadores. Pero esa \u00faltima hora a\u00fan no ha llegado.<\/p>\n<p><strong>\u00bfMi apuesta?<\/strong> Pues no s\u00e9 si confundo apuesta con preferencia, pero voy a dar un nombre: <a href=\"http:\/\/rothsociety.org\/\" target=\"_blank\" rel=\"external nofollow\">Philip Roth<\/a>. \u00bfRazones?: la primera, que es un<strong> grand\u00edsimo escritor<\/strong>. Pero adem\u00e1s de eso se dan otras circunstancias que deber\u00edan jugar a su favor: <strong>hace 18 a\u00f1os del \u00faltimo Nobel estadounidense<\/strong> (<a href=\"http:\/\/www.biografiasyvidas.com\/biografia\/m\/morrison.htm\" target=\"_blank\" rel=\"external nofollow\">Toni Morrison<\/a>), <strong>la corriente literaria<\/strong> que representa Roth no ha sido premiada (de Bellow hace mucho y era otra generaci\u00f3n) y est\u00e1 en <strong>una edad m\u00e1s que premiable<\/strong>: 78 a\u00f1os. En cambio, <a href=\"http:\/\/www.murakami.ch\/main_6.html\" target=\"_blank\" rel=\"external nofollow\">Murakami<\/a> tiene 62 y por tanto puede esperar. Ese factor positivo de la edad no opera, por el contrario, frente a Adonis, que tiene 81; ni Transtromer, que est\u00e1 en los 80.<\/p>\n<p>Desde que existe este blog, he hecho apuestas con el Nobel todos los a\u00f1os y solo he acertado en una ocasi\u00f3n: con el turco Pamuk. Y en el Cervantes solo con Ana Mar\u00eda Matute y Juan Mars\u00e9. As\u00ed que me van a permitir que diga m\u00e1s nombres para aumentar mis posibilidades. Aqu\u00ed van otros dos: <a href=\"http:\/\/es.wikipedia.org\/wiki\/Adonis_(poeta)\" target=\"_blank\" rel=\"external nofollow\">Adonis<\/a> y<a href=\"http:\/\/es.wikipedia.org\/wiki\/Tomas_Transtr%C3%B6mer\" target=\"_blank\" rel=\"external nofollow\"> Transtromer<\/a>, ambos poetas. Y la poes\u00eda es un g\u00e9nero literario muy mimado por el Nobel. \u00bfLa soluci\u00f3n? <strong>Dentro de muy pocas horas.<\/strong><\/p>\n<!-- AddThis Advanced Settings generic via filter on the_content --><!-- AddThis Share Buttons generic via filter on the_content -->","protected":false},"excerpt":{"rendered":"<p>El pr\u00f3ximo jueves, a la una en punto (hora espa\u00f1ola), el secretario permanente de la Academia sueca, Peter Englund, abrir\u00e1 la puerta de su despacho, saldr\u00e1 a la sala donde se celebra la lectura solemne del discurso de recepci\u00f3n del Nobel y frente a los periodistas y las c\u00e1maras de TV anunciar\u00e1 el nombre del [&hellip;]<!-- AddThis Advanced Settings generic via filter on get_the_excerpt --><!-- AddThis Share Buttons generic via filter on get_the_excerpt --><\/p>\n","protected":false},"author":6,"featured_media":0,"comment_status":"open","ping_status":"closed","sticky":false,"template":"","format":"standard","meta":[],"categories":[5],"tags":[55,1548,1754,1916,2418],"_links":{"self":[{"href":"https:\/\/blogs.elcorreo.com\/divergencias\/wp-json\/wp\/v2\/posts\/1151"}],"collection":[{"href":"https:\/\/blogs.elcorreo.com\/divergencias\/wp-json\/wp\/v2\/posts"}],"about":[{"href":"https:\/\/blogs.elcorreo.com\/divergencias\/wp-json\/wp\/v2\/types\/post"}],"author":[{"embeddable":true,"href":"https:\/\/blogs.elcorreo.com\/divergencias\/wp-json\/wp\/v2\/users\/6"}],"replies":[{"embeddable":true,"href":"https:\/\/blogs.elcorreo.com\/divergencias\/wp-json\/wp\/v2\/comments?post=1151"}],"version-history":[{"count":0,"href":"https:\/\/blogs.elcorreo.com\/divergencias\/wp-json\/wp\/v2\/posts\/1151\/revisions"}],"wp:attachment":[{"href":"https:\/\/blogs.elcorreo.com\/divergencias\/wp-json\/wp\/v2\/media?parent=1151"}],"wp:term":[{"taxonomy":"category","embeddable":true,"href":"https:\/\/blogs.elcorreo.com\/divergencias\/wp-json\/wp\/v2\/categories?post=1151"},{"taxonomy":"post_tag","embeddable":true,"href":"https:\/\/blogs.elcorreo.com\/divergencias\/wp-json\/wp\/v2\/tags?post=1151"}],"curies":[{"name":"wp","href":"https:\/\/api.w.org\/{rel}","templated":true}]}}