{"id":1029,"date":"2011-05-18T21:11:00","date_gmt":"2011-05-18T21:11:00","guid":{"rendered":"http:\/\/blogs.elcorreo.com\/divergencias\/?p=1028"},"modified":"2011-05-18T21:11:00","modified_gmt":"2011-05-18T21:11:00","slug":"mahler-cien-anos","status":"publish","type":"post","link":"https:\/\/blogs.elcorreo.com\/divergencias\/2011\/05\/18\/mahler-cien-anos\/","title":{"rendered":"Mahler, cien a\u00f1os"},"content":{"rendered":"<p>Hace casi un a\u00f1o, con motivo del 150 aniversario de su nacimiento, escrib\u00ed un largo <A href=\"..\/divergencias\/2010\/7\/3\/mahler-autobiografia-musica\" title=\"http:\/\/blogs.elcorreo.com\/divergencias\/2010\/7\/3\/mahler-autobiografia-musica\" id=\"link_0\">reportaje<\/a>  sobre Mahler que luego reproduje en este blog. Hoy se cumplen cien a\u00f1os de su muerte, pero no voy a repetirme. Solo les dir\u00e9 que creo que su m\u00fasica es sencillamente extraordinaria. Y su biograf\u00eda, apasionante. Sobran las palabras cuando tenemos la m\u00fasica.<\/p>\n<p><object style=\"border: 0pt none ; margin: 0pt; background: transparent none repeat scroll 0% 0%; -moz-background-clip: -moz-initial; -moz-background-origin: -moz-initial; -moz-background-inline-policy: -moz-initial;\" width=\"425\" height=\"349\"><param  name=\"movie\" value=\"http:\/\/www.youtube.com\/v\/K1BHmPhZwpY?fs=1&#038;hl=es_ES\"><\/param><param  name=\"allowFullScreen\" value=\"true\"><\/param><param  name=\"allowscriptaccess\" value=\"always\"><\/param><embed  src=\"\/\/www.youtube.com\/v\/K1BHmPhZwpY?fs=1&#038;hl=es_ES\" type=\"application\/x-shockwave-flash\" allowscriptaccess=\"always\" allowfullscreen=\"true\" width=\"425\" height=\"349\"><\/embed><\/object><\/p>\n<!-- AddThis Advanced Settings generic via filter on the_content --><!-- AddThis Share Buttons generic via filter on the_content -->","protected":false},"excerpt":{"rendered":"<p>Hace casi un a\u00f1o, con motivo del 150 aniversario de su nacimiento, escrib\u00ed un largo reportaje sobre Mahler que luego reproduje en este blog. Hoy se cumplen cien a\u00f1os de su muerte, pero no voy a repetirme. Solo les dir\u00e9 que creo que su m\u00fasica es sencillamente extraordinaria. Y su biograf\u00eda, apasionante. Sobran las palabras [&hellip;]<!-- AddThis Advanced Settings generic via filter on get_the_excerpt --><!-- AddThis Share Buttons generic via filter on get_the_excerpt --><\/p>\n","protected":false},"author":6,"featured_media":0,"comment_status":"open","ping_status":"closed","sticky":false,"template":"","format":"standard","meta":[],"categories":[7],"tags":[417,1507],"_links":{"self":[{"href":"https:\/\/blogs.elcorreo.com\/divergencias\/wp-json\/wp\/v2\/posts\/1029"}],"collection":[{"href":"https:\/\/blogs.elcorreo.com\/divergencias\/wp-json\/wp\/v2\/posts"}],"about":[{"href":"https:\/\/blogs.elcorreo.com\/divergencias\/wp-json\/wp\/v2\/types\/post"}],"author":[{"embeddable":true,"href":"https:\/\/blogs.elcorreo.com\/divergencias\/wp-json\/wp\/v2\/users\/6"}],"replies":[{"embeddable":true,"href":"https:\/\/blogs.elcorreo.com\/divergencias\/wp-json\/wp\/v2\/comments?post=1029"}],"version-history":[{"count":0,"href":"https:\/\/blogs.elcorreo.com\/divergencias\/wp-json\/wp\/v2\/posts\/1029\/revisions"}],"wp:attachment":[{"href":"https:\/\/blogs.elcorreo.com\/divergencias\/wp-json\/wp\/v2\/media?parent=1029"}],"wp:term":[{"taxonomy":"category","embeddable":true,"href":"https:\/\/blogs.elcorreo.com\/divergencias\/wp-json\/wp\/v2\/categories?post=1029"},{"taxonomy":"post_tag","embeddable":true,"href":"https:\/\/blogs.elcorreo.com\/divergencias\/wp-json\/wp\/v2\/tags?post=1029"}],"curies":[{"name":"wp","href":"https:\/\/api.w.org\/{rel}","templated":true}]}}