{"id":1026,"date":"2011-05-12T19:03:00","date_gmt":"2011-05-12T19:03:00","guid":{"rendered":"http:\/\/blogs.elcorreo.com\/divergencias\/?p=1025"},"modified":"2011-05-12T19:03:00","modified_gmt":"2011-05-12T19:03:00","slug":"el-nivel-cultural-los-politicos-al-menos-algunos","status":"publish","type":"post","link":"https:\/\/blogs.elcorreo.com\/divergencias\/2011\/05\/12\/el-nivel-cultural-los-politicos-al-menos-algunos\/","title":{"rendered":"El nivel cultural de los pol\u00edticos (al menos, de algunos)"},"content":{"rendered":"<p> Esta ma\u00f1ana he le\u00eddo la <A href=\"http:\/\/www.elcorreo.com\/especiales\/elecciones\/vizcaya\/2011\/noticias\/jueces-persiguen-ideas-mucha-20110512.html\" title=\"http:\/\/www.elcorreo.com\/especiales\/elecciones\/vizcaya\/2011\/noticias\/jueces-persiguen-ideas-mucha-20110512.html\" id=\"link_0\">entrevista<\/a>  que hac\u00edan en El Correo (edici\u00f3n de \u00c1lava) a Idoia Zapirain, candidata a las Juntas Generales por Bildu. A la pregunta \u201c\u00bfEl nacionalismo se cura viajando?\u201d, que no es m\u00e1s que poner entre interrogantes una celeb\u00e9rrima frase de Baroja (que empieza diciendo que \u201cel carlismo se cura leyendo\u201d), la se\u00f1ora Zapirain contesta diciendo que la no ha o\u00eddo jam\u00e1s. <\/p>\n<p>Quiero dejar a un lado otras afirmaciones que hace en la entrevista. No juzgo ideas ni argumentos pol\u00edticos. Cada cual tiene los suyos, y algunos varios, para poder cambiar seg\u00fan el d\u00eda de la semana. Pero s\u00ed juzgo el nivel cultural. Y me temo que el de una buena parte (por supuesto, no todos; conozco algunos muy cultos y otros que tienen un nivel medio aceptable sin m\u00e1s, pero suficiente) de nuestros pol\u00edticos es bajo. Incluso muy bajo. <\/p>\n<p>Hace dos a\u00f1os, con motivo de las elecciones al Parlamento vasco, Pello Salaburu, que hac\u00eda entrevistas a los candidatos, introdujo un peque\u00f1o cuestionario para conocer sus gustos en este \u00e1mbito de la cultura y el espect\u00e1culo. El resultado fue tirando a triste. <\/p>\n<p>\u00bfEs tan solo el resultado de un sistema educativo que ha castigado la gran cultura hasta reducirla a algo propio de las \u00e9lites y que por tanto debe ser despreciado por la masa? Puede. Pero creo que hay m\u00e1s cosas. Y la m\u00e1s relevante es, me parece, que el ejercicio profesional de la pol\u00edtica se ha convertido en algo cerrado en s\u00ed mismo. Porque, vamos a ver, \u00bfcu\u00e1ntos de los pol\u00edticos que ustedes conocen ser\u00edan capaces de ganarse la vida fuera de la pol\u00edtica? Dicho de otra forma, \u00bfcu\u00e1ntos han tenido una carrera profesional de una cierta relevancia en su \u00e1mbito antes de ser diputado, parlamentario, ministro, consejero, concejal o lo que sea? <\/p>\n<p>Cuando uno vive por y para la pol\u00edtica, sin otro horizonte, no piensa que un d\u00eda volver\u00e1 a la vida civil. Es como si en la vida solo hubiera m\u00edtines (por cierto, \u00bfno les llama la atenci\u00f3n la tremenda escasez de recursos dial\u00e9cticos de muchos?), maniobras en las organizaciones locales y ejercicios con el pulsador correspondiente en el Parlamento. As\u00ed que para qu\u00e9 molestarse&#8230; Es habitual ver a los pol\u00edticos en los palcos de los campos de f\u00fatbol, pero \u00bfcu\u00e1ntos frecuentan los museos, son asiduos a las librer\u00edas o las salas de concierto o viajan por el pa\u00eds recorriendo la ruta del rom\u00e1nico? Y si lo hacen, no lo cuentan, como si les diera verg\u00fcenza. En cambio, anuncian con orgullo que har\u00e1n tal ruta en bicicleta, subir\u00e1n a aquella monta\u00f1a o har\u00e1n camping en tal playa. Que nada de eso est\u00e1 mal, ojo. Pero ser\u00eda conveniente que estuviera combinado con algo que diera poso a su discurso y solvencia intelectual a sus argumentos. <\/p>\n<p>Escuchar estos d\u00edas las intervenciones p\u00fablicas y leer las entrevistas a los candidatos es un ejercicio bastante desolador. <\/p>\n<!-- AddThis Advanced Settings generic via filter on the_content --><!-- AddThis Share Buttons generic via filter on the_content -->","protected":false},"excerpt":{"rendered":"<p>Esta ma\u00f1ana he le\u00eddo la entrevista que hac\u00edan en El Correo (edici\u00f3n de \u00c1lava) a Idoia Zapirain, candidata a las Juntas Generales por Bildu. A la pregunta \u201c\u00bfEl nacionalismo se cura viajando?\u201d, que no es m\u00e1s que poner entre interrogantes una celeb\u00e9rrima frase de Baroja (que empieza diciendo que \u201cel carlismo se cura leyendo\u201d), la [&hellip;]<!-- AddThis Advanced Settings generic via filter on get_the_excerpt --><!-- AddThis Share Buttons generic via filter on get_the_excerpt --><\/p>\n","protected":false},"author":6,"featured_media":0,"comment_status":"open","ping_status":"closed","sticky":false,"template":"","format":"standard","meta":[],"categories":[4,11],"tags":[532,1958],"_links":{"self":[{"href":"https:\/\/blogs.elcorreo.com\/divergencias\/wp-json\/wp\/v2\/posts\/1026"}],"collection":[{"href":"https:\/\/blogs.elcorreo.com\/divergencias\/wp-json\/wp\/v2\/posts"}],"about":[{"href":"https:\/\/blogs.elcorreo.com\/divergencias\/wp-json\/wp\/v2\/types\/post"}],"author":[{"embeddable":true,"href":"https:\/\/blogs.elcorreo.com\/divergencias\/wp-json\/wp\/v2\/users\/6"}],"replies":[{"embeddable":true,"href":"https:\/\/blogs.elcorreo.com\/divergencias\/wp-json\/wp\/v2\/comments?post=1026"}],"version-history":[{"count":0,"href":"https:\/\/blogs.elcorreo.com\/divergencias\/wp-json\/wp\/v2\/posts\/1026\/revisions"}],"wp:attachment":[{"href":"https:\/\/blogs.elcorreo.com\/divergencias\/wp-json\/wp\/v2\/media?parent=1026"}],"wp:term":[{"taxonomy":"category","embeddable":true,"href":"https:\/\/blogs.elcorreo.com\/divergencias\/wp-json\/wp\/v2\/categories?post=1026"},{"taxonomy":"post_tag","embeddable":true,"href":"https:\/\/blogs.elcorreo.com\/divergencias\/wp-json\/wp\/v2\/tags?post=1026"}],"curies":[{"name":"wp","href":"https:\/\/api.w.org\/{rel}","templated":true}]}}