{"id":1001,"date":"2011-03-28T20:28:00","date_gmt":"2011-03-28T20:28:00","guid":{"rendered":"http:\/\/blogs.elcorreo.com\/divergencias\/?p=1000"},"modified":"2011-03-28T20:28:00","modified_gmt":"2011-03-28T20:28:00","slug":"consejos-escritores-formato-audio","status":"publish","type":"post","link":"https:\/\/blogs.elcorreo.com\/divergencias\/2011\/03\/28\/consejos-escritores-formato-audio\/","title":{"rendered":"Consejos a escritores&#8230; en formato audio"},"content":{"rendered":"<p>Una veintena de escritores brit\u00e1nicos da consejos a autores noveles y la recopilaci\u00f3n de sus testimonios se publica&#8230; como un \u00e1lbum con dos discos compactos. La edici\u00f3n ha corrido a cargo de la <A href=\"http:\/\/www.bl.uk\/\" title=\"http:\/\/www.bl.uk\/\" id=\"link_1\">Biblioteca Brit\u00e1nica<\/a>  y cuenta con el testimonio de <A href=\"http:\/\/www.ianmcewan.com\/\" title=\"http:\/\/www.ianmcewan.com\/\" id=\"link_0\">Ian McEwan<\/a>, acompa\u00f1ado por otros autores menos c\u00e9lebres entre nosotros.<\/p>\n<p>La verdad, me cuesta entenderlo. Ya s\u00e9 que escuchar las voces de esos escritores que tanto nos gustan tiene su atractivo, pero pienso que lo m\u00e1s importante de esa colecci\u00f3n es el contenido de sus experiencias y los consejos que pueden aportar a los j\u00f3venes, m\u00e1s all\u00e1 del tono en que lo dicen o su timbre de voz. Y entiendo que eso tiene una salida mejor como texto escrito: impreso en forma de libro o <em>colgado<\/em> en una web. <\/p>\n<p>Eso es as\u00ed salvo que los responsables de la edici\u00f3n de ese trabajo piensen que van a llegar mejor a sus destinatarios en ese formato de audio porque a estos no les gusta leer. Si esa es la explicaci\u00f3n, empiezo a preocuparme. Porque si los aspirantes a escritores, o escritores ya, no leen, \u00bfqui\u00e9n lo va a hacer? Siempre he cre\u00eddo que los profesionales de la escritura, o quienes aspiran a serlo, le\u00edan mucho, aunque sus gustos resultaran a veces muy distintos de los de un buen lector convencional.<\/p>\n<p>Por eso, la decisi\u00f3n de la Biblioteca Brit\u00e1nica se me hace extra\u00f1a. \u00bfEnse\u00f1ar a escribir y aconsejar sobre la materia renunciando al texto escrito? Raro, muy raro.<\/p>\n<!-- AddThis Advanced Settings generic via filter on the_content --><!-- AddThis Share Buttons generic via filter on the_content -->","protected":false},"excerpt":{"rendered":"<p>Una veintena de escritores brit\u00e1nicos da consejos a autores noveles y la recopilaci\u00f3n de sus testimonios se publica&#8230; como un \u00e1lbum con dos discos compactos. La edici\u00f3n ha corrido a cargo de la Biblioteca Brit\u00e1nica y cuenta con el testimonio de Ian McEwan, acompa\u00f1ado por otros autores menos c\u00e9lebres entre nosotros. La verdad, me cuesta [&hellip;]<!-- AddThis Advanced Settings generic via filter on get_the_excerpt --><!-- AddThis Share Buttons generic via filter on get_the_excerpt --><\/p>\n","protected":false},"author":6,"featured_media":0,"comment_status":"open","ping_status":"closed","sticky":false,"template":"","format":"standard","meta":[],"categories":[5,11],"tags":[76,535,815],"_links":{"self":[{"href":"https:\/\/blogs.elcorreo.com\/divergencias\/wp-json\/wp\/v2\/posts\/1001"}],"collection":[{"href":"https:\/\/blogs.elcorreo.com\/divergencias\/wp-json\/wp\/v2\/posts"}],"about":[{"href":"https:\/\/blogs.elcorreo.com\/divergencias\/wp-json\/wp\/v2\/types\/post"}],"author":[{"embeddable":true,"href":"https:\/\/blogs.elcorreo.com\/divergencias\/wp-json\/wp\/v2\/users\/6"}],"replies":[{"embeddable":true,"href":"https:\/\/blogs.elcorreo.com\/divergencias\/wp-json\/wp\/v2\/comments?post=1001"}],"version-history":[{"count":0,"href":"https:\/\/blogs.elcorreo.com\/divergencias\/wp-json\/wp\/v2\/posts\/1001\/revisions"}],"wp:attachment":[{"href":"https:\/\/blogs.elcorreo.com\/divergencias\/wp-json\/wp\/v2\/media?parent=1001"}],"wp:term":[{"taxonomy":"category","embeddable":true,"href":"https:\/\/blogs.elcorreo.com\/divergencias\/wp-json\/wp\/v2\/categories?post=1001"},{"taxonomy":"post_tag","embeddable":true,"href":"https:\/\/blogs.elcorreo.com\/divergencias\/wp-json\/wp\/v2\/tags?post=1001"}],"curies":[{"name":"wp","href":"https:\/\/api.w.org\/{rel}","templated":true}]}}