{"id":173,"date":"2011-02-02T14:11:00","date_gmt":"2011-02-02T14:11:00","guid":{"rendered":"http:\/\/blogs.elcorreo.com\/culinariosidad\/?p=173"},"modified":"2011-02-02T14:11:00","modified_gmt":"2011-02-02T14:11:00","slug":"crema-calabaza-con-costrones-pasta","status":"publish","type":"post","link":"https:\/\/blogs.elcorreo.com\/culinariosidad\/2011\/02\/02\/crema-calabaza-con-costrones-pasta\/","title":{"rendered":"Pur\u00e9 de calabaza con costrones de pasta"},"content":{"rendered":"<p><IMG src=\"\/culinariosidad\/wp-content\/uploads\/sites\/8\" id=\"img_0\" class=\"imgcen\"><strong>Ingredientes: <\/strong><\/p>\n<p>50 gr pasta cocida.<br \/>\n300 gr calabaza.<br \/>\n100 gr queso azul.<br \/>\n1 cebolla.<br \/>\nSal.<br \/>\nAceite.<\/p>\n<p>Sofre\u00edr la cebolla cortada en juliana, a\u00f1adirle agua y la calabaza pelada y cortada en dados, y cocer la mezcla.  Luego escurrir las verduras y triturarlas, a\u00f1adiendo el queso azul. Servir en plato hondo, y acompa\u00f1ar con la pasta que habremos frito a modo de costrones.<\/p>\n<p><object style=\"border: 0pt none; background: none repeat scroll 0% 0% transparent; margin: 0pt;\" id=\"flashObj\" classid=\"clsid:D27CDB6E-AE6D-11cf-96B8-444553540000\" codebase=\"http:\/\/download.macromedia.com\/pub\/shockwave\/cabs\/flash\/swflash.cab#version=9,0,47,0\" height=\"360\" width=\"640\"><param  name=\"movie\" value=\"http:\/\/c.brightcove.com\/services\/viewer\/federated_f9?isVid=1&#038;isUI=1\"><\/param><param  name=\"bgcolor\" value=\"#FFFFFF\"><\/param><param  name=\"flashVars\" value=\"web=externos&#038;videoId=773650630001&#038;playerID=309018193001&#038;playerKey=AQ%2E%2E,AAAAE_NrkqE%2E,SbMUPN6XNFu9O5u_bb9i8uj1LpxTCKJx&#038;domain=embed&#038;dynamicStreaming=true\"><\/param><param  name=\"base\" value=\"http:\/\/admin.brightcove.com\"><\/param><param  name=\"wmode\" value=\"transparent\"><\/param><param  name=\"seamlesstabbing\" value=\"false\"><\/param><param  name=\"allowFullScreen\" value=\"true\"><\/param><param  name=\"swLiveConnect\" value=\"true\"><\/param><param  name=\"allowScriptAccess\" value=\"always\"><\/param><embed  src=\"\/\/c.brightcove.com\/services\/viewer\/federated_f9?isVid=1&#038;isUI=1\" wmode=\"transparent\" bgcolor=\"#FFFFFF\" flashvars=\"web=externos&#038;videoId=773650630001&#038;playerID=309018193001&#038;playerKey=AQ%2E%2E,AAAAE_NrkqE%2E,SbMUPN6XNFu9O5u_bb9i8uj1LpxTCKJx&#038;domain=embed&#038;dynamicStreaming=true\" base=\"http:\/\/admin.brightcove.com\" name=\"flashObj\" seamlesstabbing=\"false\" type=\"application\/x-shockwave-flash\" allowfullscreen=\"true\" allowscriptaccess=\"always\" swliveconnect=\"true\" pluginspage=\"http:\/\/www.macromedia.com\/shockwave\/download\/index.cgi?P1_Prod_Version=ShockwaveFlash\" height=\"360\" width=\"640\"><\/embed><\/object><\/p>\n<!-- AddThis Advanced Settings generic via filter on the_content --><!-- AddThis Share Buttons generic via filter on the_content -->","protected":false},"excerpt":{"rendered":"<p>Ingredientes: 50 gr pasta cocida. 300 gr calabaza. 100 gr queso azul. 1 cebolla. Sal. Aceite. Sofre\u00edr la cebolla cortada en juliana, a\u00f1adirle agua y la calabaza pelada y cortada en dados, y cocer la mezcla. Luego escurrir las verduras y triturarlas, a\u00f1adiendo el queso azul. Servir en plato hondo, y acompa\u00f1ar con la pasta [&hellip;]<!-- AddThis Advanced Settings generic via filter on get_the_excerpt --><!-- AddThis Share Buttons generic via filter on get_the_excerpt --><\/p>\n","protected":false},"author":16,"featured_media":0,"comment_status":"open","ping_status":"closed","sticky":false,"template":"","format":"standard","meta":[],"categories":[10],"tags":[423,426,835,941,1081],"_links":{"self":[{"href":"https:\/\/blogs.elcorreo.com\/culinariosidad\/wp-json\/wp\/v2\/posts\/173"}],"collection":[{"href":"https:\/\/blogs.elcorreo.com\/culinariosidad\/wp-json\/wp\/v2\/posts"}],"about":[{"href":"https:\/\/blogs.elcorreo.com\/culinariosidad\/wp-json\/wp\/v2\/types\/post"}],"author":[{"embeddable":true,"href":"https:\/\/blogs.elcorreo.com\/culinariosidad\/wp-json\/wp\/v2\/users\/16"}],"replies":[{"embeddable":true,"href":"https:\/\/blogs.elcorreo.com\/culinariosidad\/wp-json\/wp\/v2\/comments?post=173"}],"version-history":[{"count":0,"href":"https:\/\/blogs.elcorreo.com\/culinariosidad\/wp-json\/wp\/v2\/posts\/173\/revisions"}],"wp:attachment":[{"href":"https:\/\/blogs.elcorreo.com\/culinariosidad\/wp-json\/wp\/v2\/media?parent=173"}],"wp:term":[{"taxonomy":"category","embeddable":true,"href":"https:\/\/blogs.elcorreo.com\/culinariosidad\/wp-json\/wp\/v2\/categories?post=173"},{"taxonomy":"post_tag","embeddable":true,"href":"https:\/\/blogs.elcorreo.com\/culinariosidad\/wp-json\/wp\/v2\/tags?post=173"}],"curies":[{"name":"wp","href":"https:\/\/api.w.org\/{rel}","templated":true}]}}