{"id":657,"date":"2013-12-12T10:45:31","date_gmt":"2013-12-12T09:45:31","guid":{"rendered":"http:\/\/blogs.elcorreo.com\/colomba\/?p=657"},"modified":"2013-12-12T10:45:31","modified_gmt":"2013-12-12T09:45:31","slug":"la-talla-40-la-mas-comun","status":"publish","type":"post","link":"https:\/\/blogs.elcorreo.com\/colomba\/2013\/12\/12\/la-talla-40-la-mas-comun\/","title":{"rendered":"La talla 40, la m\u00e1s com\u00fan"},"content":{"rendered":"<p><a href=\"\/colomba\/wp-content\/uploads\/sites\/21\/2013\/12\/tallas1.jpg\"><img loading=\"lazy\" class=\"aligncenter  wp-image-659\" title=\"tallas\" src=\"\/colomba\/wp-content\/uploads\/sites\/21\/2013\/12\/tallas1.jpg\" alt=\"\" width=\"434\" height=\"663\" srcset=\"https:\/\/blogs.elcorreo.com\/colomba\/wp-content\/uploads\/sites\/21\/2013\/12\/tallas1.jpg 990w, https:\/\/blogs.elcorreo.com\/colomba\/wp-content\/uploads\/sites\/21\/2013\/12\/tallas1-197x300.jpg 197w, https:\/\/blogs.elcorreo.com\/colomba\/wp-content\/uploads\/sites\/21\/2013\/12\/tallas1-768x1171.jpg 768w\" sizes=\"(max-width: 434px) 100vw, 434px\" \/><\/a><\/p>\n<p><strong>La talla 40 es la que antes desaparece en las rebajas.<\/strong> \u00bfSer\u00e1 que es la m\u00e1s com\u00fan?<\/p>\n<p><strong>Pero para Mango es una talla especial.<\/strong>\u00a0 La multinacional de la moda ha anunciado que en enero de 2014 sacar\u00e1 una nueva l\u00ednea de moda para tallas dedicada a la mujer joven a partir de la talla 40 hasta la 52. &#8220;Considerar la talla 40 como talla grande es tener una visi\u00f3n totalmente distorsionada de la realidad.\u00a0El Ministerio de Sanidad en 2007 estableci\u00f3 que a partir de la talla 48 se considerar\u00eda una talla especial&#8221;, opina Arantxa Calvera, que ha ha iniciado en la plataforma Change.org una <a title=\"la petici\u00f3n\" href=\"http:\/\/www.change.org\/petitions\/mango-retirada-de-la-campa%C3%B1a-de-violetabymango\" target=\"_blank\" rel=\"external nofollow\">petici\u00f3n online<\/a> para recabar apoyos y denunciar este hecho y, en \u00faltima instancia, exigir la retirada de esta campa\u00f1a.<\/p>\n<p>&#8220;Anuncios como estos son los que provocan miles de trastornos en todo el mundo de anorexia y bulimia. La marca Mango se dirige a j\u00f3venes adolescentes, chicas y mujeres que van a considerar que tienen sobrepeso porque su tienda de referencia las etiqueta como tallas grandes cuando usan la talla 40, 42, 44.\u00a0<strong>Este tipo de campa\u00f1as solo ayuda a que las j\u00f3venes se sientan a\u00fan m\u00e1s condicionadas para ser delgadas. Miles de j\u00f3venes se van a sentir atacadas e insultadas al ser consideradas tallas grandes&#8221;<\/strong>, insiste Calvera.<\/p>\n<p>Por lo pronto, su petici\u00f3n ha recabado varios testimonios, como este de Paula L\u00f3pez: &#8220;Yo mido 1&#8217;81, tengo una talla 42 y no creo que se pueda considerar una talla grande. Estoy harta de ir a tiendas y encontrar S&#8217;s y M&#8217;s en todas partes pero cueste un mundo dar con una L o XL, mucho antes hallar\u00edas un XS. Las mujeres estamos hartas de ver prendas que &#8216;fingen&#8217; ser una 42 cuando en realidad son una 38 y de encontrarnos en los percheros de sus tiendas una talla L m\u00e1s propia de una secci\u00f3n infantil que de mujer. Si quieren vendernos sus prendas nosotras no debemos adaptarnos a sus vestidos, sino sus vestidos a nosotras&#8221;.<\/p>\n<p>&#8220;Lo que tienen que hacer son patrones favorecedores, bien hechos, y que vayan de la 36 a la 52, sin cambiar de dise\u00f1o&#8230; Ni de precio, que ya lo veo venir&#8221;. Firma &#8220;una 44&#8221;, Nieves Claudio.<\/p>\n<p>(Fuente: Change.org. La foto es de <span style=\"text-decoration: underline;\">Noelia Mart\u00ednez<\/span>)<\/p>\n<!-- AddThis Advanced Settings generic via filter on the_content --><!-- AddThis Share Buttons generic via filter on the_content -->","protected":false},"excerpt":{"rendered":"<p>La talla 40 es la que antes desaparece en las rebajas. \u00bfSer\u00e1 que es la m\u00e1s com\u00fan? Pero para Mango es una talla especial.\u00a0 La multinacional de la moda ha anunciado que en enero de 2014 sacar\u00e1 una nueva l\u00ednea de moda para tallas dedicada a la mujer joven a partir de la talla 40 [&hellip;]<!-- AddThis Advanced Settings generic via filter on get_the_excerpt --><!-- AddThis Share Buttons generic via filter on get_the_excerpt --><\/p>\n","protected":false},"author":30,"featured_media":0,"comment_status":"open","ping_status":"open","sticky":false,"template":"","format":"standard","meta":[],"categories":[3],"tags":[13,14,15,51,135,848],"_links":{"self":[{"href":"https:\/\/blogs.elcorreo.com\/colomba\/wp-json\/wp\/v2\/posts\/657"}],"collection":[{"href":"https:\/\/blogs.elcorreo.com\/colomba\/wp-json\/wp\/v2\/posts"}],"about":[{"href":"https:\/\/blogs.elcorreo.com\/colomba\/wp-json\/wp\/v2\/types\/post"}],"author":[{"embeddable":true,"href":"https:\/\/blogs.elcorreo.com\/colomba\/wp-json\/wp\/v2\/users\/30"}],"replies":[{"embeddable":true,"href":"https:\/\/blogs.elcorreo.com\/colomba\/wp-json\/wp\/v2\/comments?post=657"}],"version-history":[{"count":0,"href":"https:\/\/blogs.elcorreo.com\/colomba\/wp-json\/wp\/v2\/posts\/657\/revisions"}],"wp:attachment":[{"href":"https:\/\/blogs.elcorreo.com\/colomba\/wp-json\/wp\/v2\/media?parent=657"}],"wp:term":[{"taxonomy":"category","embeddable":true,"href":"https:\/\/blogs.elcorreo.com\/colomba\/wp-json\/wp\/v2\/categories?post=657"},{"taxonomy":"post_tag","embeddable":true,"href":"https:\/\/blogs.elcorreo.com\/colomba\/wp-json\/wp\/v2\/tags?post=657"}],"curies":[{"name":"wp","href":"https:\/\/api.w.org\/{rel}","templated":true}]}}