{"id":7183,"date":"2026-04-26T13:50:15","date_gmt":"2026-04-26T11:50:15","guid":{"rendered":"https:\/\/blogs.elcorreo.com\/cantaclaro\/?p=7183"},"modified":"2026-04-26T13:50:15","modified_gmt":"2026-04-26T11:50:15","slug":"otro-cuento-otra-estafa","status":"publish","type":"post","link":"https:\/\/blogs.elcorreo.com\/cantaclaro\/2026\/04\/26\/otro-cuento-otra-estafa\/","title":{"rendered":"Otro cuento, otra estafa"},"content":{"rendered":"<p style=\"text-align: center;\" align=\"justify\"><img loading=\"lazy\" class=\"aligncenter  wp-image-7184\" src=\"https:\/\/blogs.elcorreo.com\/cantaclaro\/wp-content\/uploads\/sites\/150\/2026\/04\/Hermanos.jpg\" alt=\"\" width=\"502\" height=\"282\" srcset=\"https:\/\/blogs.elcorreo.com\/cantaclaro\/wp-content\/uploads\/sites\/150\/2026\/04\/Hermanos.jpg 759w, https:\/\/blogs.elcorreo.com\/cantaclaro\/wp-content\/uploads\/sites\/150\/2026\/04\/Hermanos-295x166.jpg 295w, https:\/\/blogs.elcorreo.com\/cantaclaro\/wp-content\/uploads\/sites\/150\/2026\/04\/Hermanos-631x355.jpg 631w\" sizes=\"(max-width: 502px) 100vw, 502px\" \/><\/p>\n<p style=\"text-align: center;\" align=\"justify\"><img loading=\"lazy\" class=\"aligncenter  wp-image-7185\" src=\"https:\/\/blogs.elcorreo.com\/cantaclaro\/wp-content\/uploads\/sites\/150\/2026\/04\/ESTA.jpg\" alt=\"\" width=\"501\" height=\"334\" srcset=\"https:\/\/blogs.elcorreo.com\/cantaclaro\/wp-content\/uploads\/sites\/150\/2026\/04\/ESTA.jpg 1024w, https:\/\/blogs.elcorreo.com\/cantaclaro\/wp-content\/uploads\/sites\/150\/2026\/04\/ESTA-295x196.jpg 295w, https:\/\/blogs.elcorreo.com\/cantaclaro\/wp-content\/uploads\/sites\/150\/2026\/04\/ESTA-533x355.jpg 533w, https:\/\/blogs.elcorreo.com\/cantaclaro\/wp-content\/uploads\/sites\/150\/2026\/04\/ESTA-768x512.jpg 768w\" sizes=\"(max-width: 501px) 100vw, 501px\" \/><\/p>\n<p style=\"text-align: center;\" align=\"justify\"><span style=\"color: #000080;\"><strong>&#8230;<\/strong><\/span><\/p>\n<p align=\"justify\"><span style=\"color: #000080;\"><span style=\"font-family: Arial, sans-serif;\"><span style=\"font-size: medium;\">El pasado 24 de este abril, Venezuela volvi\u00f3 a presenciar un &#8220;disparate&#8221; que pretende enmendar el entuerto de &#8220;otro disparate&#8221;. Lo que comenz\u00f3 como una promesa de &#8220;reconciliaci\u00f3n nacional&#8221; llamada Ley de Amnist\u00eda para la Convivencia Democr\u00e1tica, fue anulada de un solo plumazo. La usaron para lavarse la cara y, una vez obtenida la foto vuelven a las andadas.<\/span><\/span><\/span><\/p>\n<p align=\"justify\"><span style=\"color: #000080;\"><span style=\"font-family: Arial, sans-serif;\"><span style=\"font-size: medium;\">Es lo de siempre, a estos ocupas de Miraflores, todo lo que no sea robar, meterte preso y hablar de patria, les dura tanto como un &#8220;suspiro en un chinchorro&#8221;. Y digo suspiro, por no mencionar algo m\u00e1s desagradable al olfato.<\/span><\/span><\/span><\/p>\n<p align=\"justify\"><span style=\"color: #000080;\"><span style=\"font-family: Arial, sans-serif;\"><span style=\"font-size: medium;\">Estos &#8220;herederos&#8221; que de la noche a la ma\u00f1ana se transmutaron de ser el flagelo nacional a conversos dem\u00f3cratas, presentan sus cuentas con un triunfalismo que si no fuera por lo doloroso y cruel, ser\u00eda para re\u00edr hasta que el mundo se acabe. <\/span><\/span><\/span><\/p>\n<p align=\"justify\"><span style=\"color: #000080;\"><span style=\"font-family: Arial, sans-serif;\"><span style=\"font-size: medium;\">Afirman haber sido &#8220;beneficiados&#8221; 8.616 &#8220;traidores a la patria&#8221; merecidamente &#8220;retenidos&#8221;, o sea, &#8220;presos de bola&#8221;. Pero detr\u00e1s del resplandor de la cifra se esconde otra monumental mentira revolucionaria. La inmensa mayor\u00eda de estos casos corresponden al levantamiento de medidas cautelares, presentaciones peri\u00f3dicas y prohibiciones de salida del pa\u00eds, es decir, ciudadanos que ya estaban en sus casas pero con un grillete judicial en el tobillo. Eso lo sabe hasta el tonto m\u00e1s tonto de todos los tontos de un pa\u00eds en que todos son tontos.<\/span><\/span><\/span><\/p>\n<p align=\"justify\"><span style=\"color: #000080;\"><span style=\"font-family: Arial, sans-serif;\"><span style=\"font-size: medium;\">La lista de presos de conciencia sepultados en los antros del terror, permanece intacta. Lo hemos dicho y repetido, al n\u00famero que afirman le faltan 495 &#8220;desaparecidos&#8221; que no reconocen. Bajo las etiquetas de &#8220;terrorismo&#8221;, &#8220;traici\u00f3n a la patria&#8221; o &#8220;rebeli\u00f3n&#8221;, filtraron los que eran aptos para el &#8220;perd\u00f3n&#8221; por no representar amenaza a la narrativa oficial. <\/span><\/span><\/span><\/p>\n<p align=\"justify\"><span style=\"color: #000080;\"><span style=\"font-family: Arial, sans-serif;\"><span style=\"font-size: medium;\">Seg\u00fan los registros actualizados de Foro Penal, 495 presos pol\u00edticos siguen tras las rejas, y digo yo: salvo que los hayan &#8220;retenido&#8221; para siempre. Lo que confirmado el caso ser\u00eda de justicia, aplicar a los responsables la &#8220;ley del tali\u00f3n&#8221; en justo acto de reciprocidad. <\/span><\/span><\/span><\/p>\n<p align=\"justify\"><span style=\"color: #000080;\"><span style=\"font-family: Arial, sans-serif;\"><span style=\"font-size: medium;\">Estos criminales, emplean si cabe, mayor crueldad con los presos del sector militar. Mientras la parte civil ha logrado alguna excarcelaci\u00f3n de cuadros medios, los uniformados fueron sistem\u00e1ticamente ignorados. Esta discriminaci\u00f3n deton\u00f3 una huelga de hambre que hoy consume a m\u00e1s de 200 confinados, entre oficiales y personal civil en centros de reclusi\u00f3n como Ramo Verde y la DGCIM.<\/span><\/span><\/span><\/p>\n<p align=\"justify\"><span style=\"color: #000080;\"><span style=\"font-family: Arial, sans-serif;\"><span style=\"font-size: medium;\">Para Foro Penal, la suspensi\u00f3n de la amnist\u00eda es un mensaje directo a los cuarteles, el Gobierno puede permitirse cierta elasticidad con pol\u00edticos de oficina, pero es implacable con cualquier disidencia en la Fuerza Armada Nacional Bolivariana (FANB). En un sistema donde el estamento militar es la base del poder, el perd\u00f3n puede suponer un riesgo de contagio que el interinato no est\u00e1 dispuesto a correr.<\/span><\/span><\/span><\/p>\n<p align=\"justify\"><span style=\"color: #000080;\"><span style=\"font-family: Arial, sans-serif;\"><span style=\"font-size: medium;\">\u00bfPor qu\u00e9 cierran el grifo ahora? La rapidez de la maniobra coincide con la consolidaci\u00f3n supuesta de Delcy Rodr\u00edguez en el mando. Tras un periodo marcado por el &#8220;te quitas t\u00fa para ponerme yo&#8221; en el alto mando militar y el desplazamiento de la ortodoxia madurista, la amnist\u00eda despu\u00e9s de todo, parece haber cumplido su funci\u00f3n. Fue el jab\u00f3n para lavar la cara del r\u00e9gimen ante los gringos en particular y la comunidad democr\u00e1tica mundial en general.<\/span><\/span><\/span><\/p>\n<p align=\"justify\"><span style=\"color: #000080;\"><span style=\"font-family: Arial, sans-serif;\"><span style=\"font-size: medium;\">Una vez lograda la proyecci\u00f3n de imagen &#8220;normalizada&#8221;, el marco legal de la amnist\u00eda empezaba a estorbar. Al eliminar la rigidez del mamotreto legal, el interinato recupera su &#8220;flexibilidad&#8221; para hacer lo que le venga en gana. La &#8220;negociaci\u00f3n&#8221; individual caso por caso volver\u00e1 por sus fueros, es decir, un borr\u00f3n y cuenta nueva que cambi\u00f3 algo para no cambiar nada. <\/span><\/span><\/span><\/p>\n<p align=\"justify\"><span style=\"color: #000080;\"><span style=\"font-family: Arial, sans-serif;\"><span style=\"font-size: medium;\">La libertad de los venezolanos vuelve a ser la moneda de cambio en una mesa de negociaci\u00f3n clandestina, despojando a la oposici\u00f3n hasta de un marco legal m\u00ednimamente s\u00f3lido de cara a los pr\u00f3ximos eventos electorales, que seg\u00fan informaciones recientes, ahora est\u00e1n m\u00e1s cercanos. <\/span><\/span><\/span><\/p>\n<p align=\"justify\"><span style=\"color: #000080;\"><span style=\"font-family: Arial, sans-serif;\"><span style=\"font-size: medium;\">Mientras el trepador eterno Jorge Arreaza intenta &#8220;suavizar&#8221; el anuncio desde su Comisi\u00f3n de Seguimiento, la realidad sentencia que los Hermanos siguen con su &#8220;proyecto&#8221; de hacer lo que quieran, cuando quieran y como quieran.<\/span><\/span><\/span><\/p>\n<p align=\"justify\"><span style=\"color: #000080;\"><span style=\"font-family: Arial, sans-serif;\"><span style=\"font-size: medium;\">La Ley de Amnist\u00eda de 2026 no se recordar\u00e1 como el gran pacto de Estado que cerr\u00f3 las heridas de la Naci\u00f3n. Ser\u00e1 como el manual de c\u00f3mo usar la esperanza como anestesia pol\u00edtica.<\/span><\/span><\/span><\/p>\n<p align=\"justify\"><span style=\"color: #000080;\"><span style=\"font-family: Arial, sans-serif;\"><span style=\"font-size: medium;\">Para las 495 familias que a\u00fan esperan a las puertas de las c\u00e1rceles, el portazo de abril es el recordatorio de que la crueldad sigue imperante.<\/span><\/span><\/span><\/p>\n<p align=\"justify\"><span style=\"color: #000080;\"><span style=\"font-family: Arial, sans-serif;\"><span style=\"font-size: medium;\">Continuar\u00e1&#8230; <\/span><\/span><\/span><\/p>\n<p align=\"justify\"><span style=\"color: #000080;\"><span style=\"font-family: Arial, sans-serif;\"><span style=\"font-size: medium;\">Cantaclaro<\/span><\/span><\/span><\/p>\n<p style=\"text-align: center;\" align=\"justify\"><span style=\"color: #000080;\"><strong>&#8230;<\/strong><\/span><\/p>\n<!-- AddThis Advanced Settings generic via filter on the_content --><!-- AddThis Share Buttons generic via filter on the_content -->","protected":false},"excerpt":{"rendered":"<p>&#8230; El pasado 24 de este abril, Venezuela volvi\u00f3 a presenciar un &#8220;disparate&#8221; que pretende enmendar el entuerto de &#8220;otro disparate&#8221;. Lo que comenz\u00f3 como una promesa de &#8220;reconciliaci\u00f3n nacional&#8221; llamada Ley de Amnist\u00eda para la Convivencia Democr\u00e1tica, fue anulada de un solo plumazo. La usaron para lavarse la cara y, una vez obtenida la [&hellip;]<!-- AddThis Advanced Settings generic via filter on get_the_excerpt --><!-- AddThis Share Buttons generic via filter on get_the_excerpt --><\/p>\n","protected":false},"author":14943,"featured_media":0,"comment_status":"open","ping_status":"closed","sticky":false,"template":"","format":"standard","meta":[],"categories":[3],"tags":[],"_links":{"self":[{"href":"https:\/\/blogs.elcorreo.com\/cantaclaro\/wp-json\/wp\/v2\/posts\/7183"}],"collection":[{"href":"https:\/\/blogs.elcorreo.com\/cantaclaro\/wp-json\/wp\/v2\/posts"}],"about":[{"href":"https:\/\/blogs.elcorreo.com\/cantaclaro\/wp-json\/wp\/v2\/types\/post"}],"author":[{"embeddable":true,"href":"https:\/\/blogs.elcorreo.com\/cantaclaro\/wp-json\/wp\/v2\/users\/14943"}],"replies":[{"embeddable":true,"href":"https:\/\/blogs.elcorreo.com\/cantaclaro\/wp-json\/wp\/v2\/comments?post=7183"}],"version-history":[{"count":6,"href":"https:\/\/blogs.elcorreo.com\/cantaclaro\/wp-json\/wp\/v2\/posts\/7183\/revisions"}],"predecessor-version":[{"id":7191,"href":"https:\/\/blogs.elcorreo.com\/cantaclaro\/wp-json\/wp\/v2\/posts\/7183\/revisions\/7191"}],"wp:attachment":[{"href":"https:\/\/blogs.elcorreo.com\/cantaclaro\/wp-json\/wp\/v2\/media?parent=7183"}],"wp:term":[{"taxonomy":"category","embeddable":true,"href":"https:\/\/blogs.elcorreo.com\/cantaclaro\/wp-json\/wp\/v2\/categories?post=7183"},{"taxonomy":"post_tag","embeddable":true,"href":"https:\/\/blogs.elcorreo.com\/cantaclaro\/wp-json\/wp\/v2\/tags?post=7183"}],"curies":[{"name":"wp","href":"https:\/\/api.w.org\/{rel}","templated":true}]}}