{"id":6956,"date":"2026-03-20T22:58:35","date_gmt":"2026-03-20T21:58:35","guid":{"rendered":"https:\/\/blogs.elcorreo.com\/cantaclaro\/?p=6956"},"modified":"2026-03-26T10:38:51","modified_gmt":"2026-03-26T09:38:51","slug":"jorge-olavarria-premonicion-de-una-catastrofe","status":"publish","type":"post","link":"https:\/\/blogs.elcorreo.com\/cantaclaro\/2026\/03\/20\/jorge-olavarria-premonicion-de-una-catastrofe\/","title":{"rendered":"Jorge Olavarria (Premonici\u00f3n de una cat\u00e1strofe)"},"content":{"rendered":"<p style=\"text-align: center;\" align=\"justify\"><img loading=\"lazy\" class=\"aligncenter wp-image-6957\" src=\"https:\/\/blogs.elcorreo.com\/cantaclaro\/wp-content\/uploads\/sites\/150\/2026\/03\/Olavarria-1.jpg\" alt=\"\" width=\"462\" height=\"596\" srcset=\"https:\/\/blogs.elcorreo.com\/cantaclaro\/wp-content\/uploads\/sites\/150\/2026\/03\/Olavarria-1.jpg 241w, https:\/\/blogs.elcorreo.com\/cantaclaro\/wp-content\/uploads\/sites\/150\/2026\/03\/Olavarria-1-178x230.jpg 178w\" sizes=\"(max-width: 462px) 100vw, 462px\" \/><\/p>\n<p style=\"text-align: center;\" align=\"justify\"><img loading=\"lazy\" class=\"aligncenter wp-image-6958\" src=\"https:\/\/blogs.elcorreo.com\/cantaclaro\/wp-content\/uploads\/sites\/150\/2026\/03\/Olavarria-Discurso.jpeg\" alt=\"\" width=\"454\" height=\"545\" \/><\/p>\n<p style=\"text-align: center;\" align=\"justify\"><img loading=\"lazy\" class=\"aligncenter wp-image-6959\" src=\"https:\/\/blogs.elcorreo.com\/cantaclaro\/wp-content\/uploads\/sites\/150\/2026\/03\/Resumen-RECORTADA.jpeg\" alt=\"\" width=\"460\" height=\"144\" srcset=\"https:\/\/blogs.elcorreo.com\/cantaclaro\/wp-content\/uploads\/sites\/150\/2026\/03\/Resumen-RECORTADA.jpeg 300w, https:\/\/blogs.elcorreo.com\/cantaclaro\/wp-content\/uploads\/sites\/150\/2026\/03\/Resumen-RECORTADA-295x92.jpeg 295w\" sizes=\"(max-width: 460px) 100vw, 460px\" \/><\/p>\n<p style=\"text-align: center;\" align=\"justify\"><span style=\"color: #000080;\"><strong>&#8230;<\/strong><\/span><\/p>\n<p align=\"justify\"><span style=\"color: #000080;\"><span style=\"font-family: Arial, sans-serif;\"><span style=\"font-size: medium;\">Jorge Olavarr\u00eda fue uno de los cinco o seis intelectuales venezolanos m\u00e1s destacados de los \u00faltimos 70 o m\u00e1s a\u00f1os.<\/span><\/span><\/span><\/p>\n<p align=\"justify\"><span style=\"color: #000080;\"><span style=\"font-family: Arial, sans-serif;\"><span style=\"font-size: medium;\">El pr\u00f3ximo 18 de abril se cumplir\u00e1n 21 a\u00f1os de su fallecimiento y el 5 de julio 27 del emblem\u00e1tico discurso pronunciado en el Congreso Nacional, en oportunidad del acto de celebraci\u00f3n de la Declaraci\u00f3n de Independencia de Venezuela.<\/span><\/span><\/span><\/p>\n<p align=\"justify\"><em><strong><span style=\"color: #000080;\"><span style=\"font-family: Arial, sans-serif;\"><span style=\"font-size: medium;\">Breve semblanza:<\/span><\/span><\/span><\/strong><\/em><\/p>\n<p align=\"justify\"><span style=\"color: #000080;\"><span style=\"font-family: Arial, sans-serif;\"><span style=\"font-size: medium;\">Descendiente de vascos y orgulloso de serlo, naci\u00f3 en Caracas el 12 de diciembre de 1933<\/span><\/span><\/span><\/p>\n<p align=\"justify\"><span style=\"color: #000080;\"><span style=\"font-family: Arial, sans-serif;\"><span style=\"font-size: medium;\">Licenciaturas de Derecho en la Complutense de Madrid, Historia y Letras en Oxford y La Sorbona. Postgrados acad\u00e9micos en B\u00e9lgica, Luxemburgo y EEUU.<\/span><\/span><\/span><\/p>\n<p align=\"justify\"><span style=\"color: #000080;\"><span style=\"font-family: Arial, sans-serif;\"><span style=\"font-size: medium;\">Columnista del diario El Nacional era considerado uno de los mejores articulistas de Venezuela y Latinoam\u00e9rica. Senador y Constituyente. <\/span><\/span><\/span><\/p>\n<p align=\"justify\"><span style=\"color: #000080;\"><span style=\"font-family: Arial, sans-serif;\"><span style=\"font-size: medium;\">Fundador editor de la revista Resumen que semana tras semana hizo las delicias del lector m\u00e1s exigente. De alt\u00edsima calidad y sin duda uno de los mejores semanales que se haya impreso jam\u00e1s en Venezuela. Publicaci\u00f3n en que por cierto tuve la oportunidad de firmar &#8220;algunas cositas&#8221;.<\/span><\/span><\/span><\/p>\n<p align=\"justify\"><span style=\"color: #000080;\"><span style=\"font-family: Arial, sans-serif;\"><span style=\"font-size: medium;\">Fue uno de los primeros seguidores de Ch\u00e1vez en cambiar p\u00fablicamente de opini\u00f3n y oponerse a \u00e9l con todo su saber y energ\u00eda. Podr\u00eda decirse que lo machac\u00f3 sin misericordia all\u00e1 donde tuvo ocasi\u00f3n de hablar y escribir.<\/span><\/span><\/span><\/p>\n<p align=\"justify\"><span style=\"color: #000080;\"><span style=\"font-family: Arial, sans-serif;\"><span style=\"font-size: medium;\">La pol\u00e9mica y la denuncia fueron el sello indeleble de su vida p\u00fablica. No se dobleg\u00f3 jam\u00e1s ante nada ni nadie. Se fue del pa\u00eds por un largo tiempo, me voy dijo, porque yo no entiendo a este pa\u00eds ni este pa\u00eds me entiende a m\u00ed.<\/span><\/span><\/span><\/p>\n<p align=\"justify\"><span style=\"color: #000080;\"><span style=\"font-family: Arial, sans-serif;\"><span style=\"font-size: medium;\">Era una persona extremadamente ilustrada, un gran humanista, con modales que en ocasiones lo hac\u00edan lucir como uno de esos perros que cuando muerden no sueltan. La verdad es que ten\u00eda un poderoso intelecto y una personalidad abrumadora y avasallante.<\/span><\/span><\/span><\/p>\n<p align=\"justify\"><span style=\"color: #000080;\"><span style=\"font-family: Arial, sans-serif;\"><span style=\"font-size: medium;\">Pasar\u00e1 a la historia como un gran hombre (otro m\u00e1s) adelantado a su tiempo que ar\u00f3 en el mar, nad\u00f3 contra corriente, super\u00f3 tempestades y torpede\u00f3 inmensos portaaviones.<\/span><\/span><\/span><\/p>\n<p align=\"justify\"><strong><em><span style=\"color: #000080;\"><span style=\"font-family: Arial, sans-serif;\"><span style=\"font-size: medium;\">Sobre el discurso:<\/span><\/span><\/span><\/em><\/strong><\/p>\n<p align=\"justify\"><span style=\"color: #000080;\"><span style=\"font-family: Arial, sans-serif;\"><span style=\"font-size: medium;\">Designado Orador de Orden por el Congreso Nacional, manifest\u00f3 p\u00fablicamente su rechazo al proyecto de Ch\u00e1vez que ya lo vislumbraba hegem\u00f3nico y con visos de anular la democracia.<\/span><\/span><\/span><\/p>\n<p align=\"justify\"><span style=\"color: #000080;\"><span style=\"font-family: Arial, sans-serif;\"><span style=\"font-size: medium;\">La vigencia del discurso prof\u00e9tico de Jorge Olavarr\u00eda nos debe llamar a la reflexi\u00f3n hoy en d\u00eda a todos. Fue una jornada realmente inolvidable de seguro \u00fanica e irrepetible.<\/span><\/span><\/span><\/p>\n<p align=\"justify\"><span style=\"color: #000080;\"><span style=\"font-family: Arial, sans-serif;\"><span style=\"font-size: medium;\">Fue la primera, \u00faltima y \u00fanica vez que le cantaron \u201clas verdades del barquero\u201d al entonces pich\u00f3n de dictador de forma directa y personal, frente al parlamento en pleno y ante la presencia de los miembros de las misiones diplom\u00e1ticas acreditadas en el pa\u00eds.<\/span><\/span><\/span><\/p>\n<p align=\"justify\"><span style=\"color: #000080;\"><span style=\"font-family: Arial, sans-serif;\"><span style=\"font-size: medium;\">Este discurso, adem\u00e1s de una impecable pieza oratoria al m\u00e1s puro \u201cestilo Olavarria\u201d, representa, a mi modo de ver, una composici\u00f3n fundamental de an\u00e1lisis, para comprender lo sucedido en la sufrida patria de Sim\u00f3n Bol\u00edvar en estas (como \u00e9l dec\u00eda) horas menguadas de supuesta revoluci\u00f3n.<\/span><\/span><\/span><\/p>\n<p align=\"justify\"><span style=\"color: #000080;\"><span style=\"font-family: Arial, sans-serif;\"><span style=\"font-size: medium;\">Constituye bajo mi punto de vista, un verdadero hito en la historia pol\u00edtica contempor\u00e1nea de Venezuela, primero por su contenido, segundo por el contexto en el que se produjo y tercero y m\u00e1s importante por sus \u201ccaracter\u00edsticas premonitorias de lo que suceder\u00eda despu\u00e9s\u201d.<\/span><\/span><\/span><\/p>\n<p align=\"justify\"><span style=\"color: #000080;\"><span style=\"font-family: Arial, sans-serif;\"><span style=\"font-size: medium;\">No son muchas las oportunidades que se le presentan en la vida a un hombre, de entrar con honor en la Historia y no salir de ella jam\u00e1s. Una de esas circunstancias, tuvo el ilustre Jorge Olavarr\u00eda y no fall\u00f3.<\/span><\/span><\/span><\/p>\n<p align=\"justify\"><span style=\"color: #000080;\"><span style=\"font-family: Arial, sans-serif;\"><span style=\"font-size: medium;\">Denunci\u00f3 y asumi\u00f3 con el coraje y valent\u00eda que lo caracterizaban, lo que nadie en ese entonces se atrev\u00eda a decir, hacer y ser la voz de alarma democr\u00e1tica de la naci\u00f3n: <\/span><\/span><\/span><\/p>\n<p align=\"justify\"><strong><span style=\"color: #000080;\"><span style=\"font-family: Arial, sans-serif;\"><span style=\"font-size: medium;\">.<em>..&#8221;Se\u00f1or Presidente: Usted no tiene el derecho de proponerle a los venezolanos un salto al vac\u00edo&#8230; No se puede invocar la soberan\u00eda popular para destruir las instituciones que son la garant\u00eda de esa misma soberan\u00eda&#8221;&#8230; <\/em><\/span><\/span><\/span><\/strong><\/p>\n<p align=\"justify\"><strong><span style=\"color: #000080;\"><span style=\"font-family: Arial, sans-serif;\"><span style=\"font-size: medium;\"><em>&#8230;&#8221;Ma\u00f1ana, mis hijos y mis nietos no me podr\u00e1n reclamar el no haber dicho lo que deb\u00eda decir cuando pude y deb\u00ed decirlo. Lo dije. Yo cumpl\u00ed. Ahora les toca a ustedes&#8221;&#8230;<br \/>\n<\/em><\/span><\/span><\/span><\/strong><\/p>\n<p align=\"justify\"><span style=\"color: #000080;\"><span style=\"font-family: Arial, sans-serif;\"><span style=\"font-size: medium;\">Sin ambages, sin medias tintas desnud\u00f3 en p\u00fablico los planes de un dictador en ciernes.<\/span><\/span><\/span><\/p>\n<p align=\"justify\"><span style=\"color: #000080;\"><span style=\"font-family: Arial, sans-serif;\"><span style=\"font-size: medium;\">Discurso &#8212;&#8211;&gt;<strong> <a href=\"https:\/\/www.youtube.com\/watch?v=cfEr4mFnDxI&amp;t=2s\" rel=\"external nofollow\">https:\/\/www.youtube.com\/watch?v=cfEr4mFnDxI&amp;t=2s<\/a><\/strong><\/span><\/span><\/span><\/p>\n<p align=\"justify\"><span style=\"color: #000080;\"><span style=\"font-family: Arial, sans-serif;\"><span style=\"font-size: medium;\">Continuar\u00e1&#8230;<\/span><\/span><\/span><\/p>\n<p align=\"justify\"><span style=\"color: #000080;\"><span style=\"font-family: Arial, sans-serif;\"><span style=\"font-size: medium;\">Cantaclaro<\/span><\/span><\/span><\/p>\n<p style=\"text-align: center;\" align=\"justify\"><span style=\"color: #000080;\"><span style=\"font-family: Arial, sans-serif;\"><span style=\"font-size: medium;\"><b>&#8230;<\/b><\/span><\/span><\/span><\/p>\n<!-- AddThis Advanced Settings generic via filter on the_content --><!-- AddThis Share Buttons generic via filter on the_content -->","protected":false},"excerpt":{"rendered":"<p>&#8230; Jorge Olavarr\u00eda fue uno de los cinco o seis intelectuales venezolanos m\u00e1s destacados de los \u00faltimos 70 o m\u00e1s a\u00f1os. El pr\u00f3ximo 18 de abril se cumplir\u00e1n 21 a\u00f1os de su fallecimiento y el 5 de julio 27 del emblem\u00e1tico discurso pronunciado en el Congreso Nacional, en oportunidad del acto de celebraci\u00f3n de la [&hellip;]<!-- AddThis Advanced Settings generic via filter on get_the_excerpt --><!-- AddThis Share Buttons generic via filter on get_the_excerpt --><\/p>\n","protected":false},"author":14943,"featured_media":0,"comment_status":"open","ping_status":"closed","sticky":false,"template":"","format":"standard","meta":[],"categories":[3],"tags":[],"_links":{"self":[{"href":"https:\/\/blogs.elcorreo.com\/cantaclaro\/wp-json\/wp\/v2\/posts\/6956"}],"collection":[{"href":"https:\/\/blogs.elcorreo.com\/cantaclaro\/wp-json\/wp\/v2\/posts"}],"about":[{"href":"https:\/\/blogs.elcorreo.com\/cantaclaro\/wp-json\/wp\/v2\/types\/post"}],"author":[{"embeddable":true,"href":"https:\/\/blogs.elcorreo.com\/cantaclaro\/wp-json\/wp\/v2\/users\/14943"}],"replies":[{"embeddable":true,"href":"https:\/\/blogs.elcorreo.com\/cantaclaro\/wp-json\/wp\/v2\/comments?post=6956"}],"version-history":[{"count":7,"href":"https:\/\/blogs.elcorreo.com\/cantaclaro\/wp-json\/wp\/v2\/posts\/6956\/revisions"}],"predecessor-version":[{"id":6969,"href":"https:\/\/blogs.elcorreo.com\/cantaclaro\/wp-json\/wp\/v2\/posts\/6956\/revisions\/6969"}],"wp:attachment":[{"href":"https:\/\/blogs.elcorreo.com\/cantaclaro\/wp-json\/wp\/v2\/media?parent=6956"}],"wp:term":[{"taxonomy":"category","embeddable":true,"href":"https:\/\/blogs.elcorreo.com\/cantaclaro\/wp-json\/wp\/v2\/categories?post=6956"},{"taxonomy":"post_tag","embeddable":true,"href":"https:\/\/blogs.elcorreo.com\/cantaclaro\/wp-json\/wp\/v2\/tags?post=6956"}],"curies":[{"name":"wp","href":"https:\/\/api.w.org\/{rel}","templated":true}]}}