{"id":6932,"date":"2026-03-19T02:17:32","date_gmt":"2026-03-19T01:17:32","guid":{"rendered":"https:\/\/blogs.elcorreo.com\/cantaclaro\/?p=6932"},"modified":"2026-04-07T22:52:20","modified_gmt":"2026-04-07T20:52:20","slug":"6932","status":"publish","type":"post","link":"https:\/\/blogs.elcorreo.com\/cantaclaro\/2026\/03\/19\/6932\/","title":{"rendered":"Quiero a mi perro (Algo para recordar)"},"content":{"rendered":"<p style=\"text-align: center;\" align=\"justify\"><img loading=\"lazy\" class=\"aligncenter wp-image-6230\" src=\"https:\/\/blogs.elcorreo.com\/cantaclaro\/wp-content\/uploads\/sites\/150\/2025\/09\/Hiru-6.jpg\" alt=\"\" width=\"498\" height=\"373\" srcset=\"https:\/\/blogs.elcorreo.com\/cantaclaro\/wp-content\/uploads\/sites\/150\/2025\/09\/Hiru-6.jpg 604w, https:\/\/blogs.elcorreo.com\/cantaclaro\/wp-content\/uploads\/sites\/150\/2025\/09\/Hiru-6-295x221.jpg 295w, https:\/\/blogs.elcorreo.com\/cantaclaro\/wp-content\/uploads\/sites\/150\/2025\/09\/Hiru-6-473x355.jpg 473w\" sizes=\"(max-width: 498px) 100vw, 498px\" \/><\/p>\n<p style=\"text-align: center;\" align=\"justify\"><span style=\"color: #000080;\"><strong>&#8230;<\/strong><\/span><\/p>\n<p align=\"justify\"><span style=\"color: #000080;\"><span style=\"font-family: Arial, sans-serif;\"><span style=\"font-size: medium;\">&#8220;Cuanto m\u00e1s conozco a los hombres, m\u00e1s aprecio a Geure\u201d, sol\u00eda decir mi padre. Geure era una perra callejera que ten\u00edamos en casa. Mi padre, a quien perd\u00ed siendo apenas un adolescente, fue de esas personas que logran mantenerse intactas tras sobrevivir a la vileza, al miedo, a la c\u00e1rcel y a las persecuciones pol\u00edticas.<\/span><\/span><\/span><\/p>\n<p align=\"justify\"><span style=\"color: #000080;\"><span style=\"font-family: Arial, sans-serif;\"><span style=\"font-size: medium;\">Me acuerdo mucho de \u00e9l y de lo que pensar\u00eda de los gobiernos &#8220;revolucionarios&#8221; que han desertizado Venezuela, el pa\u00eds que le recibi\u00f3 con los brazos abiertos en aquellos aciagos d\u00edas de oscurantismo en la Espa\u00f1a franquista. Esto es lo que yo pienso, Aita:<\/span><\/span><\/span><\/p>\n<p align=\"justify\"><span style=\"color: #000080;\"><span style=\"font-family: Arial, sans-serif;\"><span style=\"font-size: medium;\">Cada d\u00eda que pasa, el chavismo (primero con Ch\u00e1vez, despu\u00e9s con Maduro y hoy con el &#8220;interinato&#8221; de los siniestros hermanos Rodr\u00edguez), act\u00faa con una provocaci\u00f3n soterrada pero permanente. Cuanto m\u00e1s vulnerables se sienten, con mayor fuerza hacen girar el ventilador de sus complejos para salpicar a Mar\u00eda Corina Machado, su familia, seguidores, y a todo aquel \u201ccontrarrevolucionario\u201d que no se doblegue a sus designios.<\/span><\/span><\/span><\/p>\n<p align=\"justify\"><span style=\"color: #000080;\"><span style=\"font-family: Arial, sans-serif;\"><span style=\"font-size: medium;\">Tras m\u00e1s de un cuarto de siglo de &#8220;proceso\u201d, y despu\u00e9s de la intervenci\u00f3n norteam\u00e9ricana la represi\u00f3n sigue persistiendo, ahora son los motorizados que llaman colectivos los que amenazan con armas de guerra, colocando al pa\u00eds en un plano de agon\u00eda cr\u00f3nica.<\/span><\/span><\/span><\/p>\n<p align=\"justify\"><span style=\"color: #000080;\"><span style=\"font-family: Arial, sans-serif;\"><span style=\"font-size: medium;\">Para enga\u00f1ar y ganar tiempo, el r\u00e9gimen busca herramientas \u201cinstitucionales\u201d y compra t\u00edteres sofisticados que dan la impresi\u00f3n de que piensan. Disfrazan al pa\u00eds con traje democr\u00e1tico mientras adoctrinan muchachos para el combate urbano, ideologiz\u00e1ndolos con chatarra revolucionaria en la que ya nadie cree, y enfermando sus neuronas con la tara incurable del resentimiento.<\/span><\/span><\/span><\/p>\n<p align=\"justify\"><span style=\"color: #000080;\"><span style=\"font-family: Arial, sans-serif;\"><span style=\"font-size: medium;\">En el exterior tienen todav\u00eda alg\u00fan apoyo disfrazado de desconocimiento o simplemente por complicidad. Pretenden que la complejidad y confusi\u00f3n crezcan, alimentando la inestabilidad y p\u00e9rdida de fe. \u00bfHacia d\u00f3nde va Venezuela? \u00bfHacia una sociedad organizada y democr\u00e1tica? \u00bfHacia una revoluci\u00f3n liberadora? La respuesta es un rotundo no. Es todo lo contrario.<\/span><\/span><\/span><\/p>\n<p align=\"justify\"><span style=\"color: #000080;\"><span style=\"font-family: Arial, sans-serif;\"><span style=\"font-size: medium;\">Han construido un racismo de Estado: quien no es aliado es enemigo, y como tal, debe ser aniquilado. Han perfeccionado el fantasma de la intolerancia.<\/span><\/span><\/span><\/p>\n<p align=\"justify\"><span style=\"color: #000080;\"><span style=\"font-family: Arial, sans-serif;\"><span style=\"font-size: medium;\">El llamado de Diosdado Cabello a sus lacayos para matar \u201coligarcas\u201d, las \u00f3rdenes de reprimir con \u201cplomo parejo\u201d, la persecuci\u00f3n del funcionariado democr\u00e1tico, la aprobaci\u00f3n de falsas leyes para obtener m\u00e1s poder son los signos de un r\u00e9gimen dispuesto a todo para impedir el funcionamiento de una sociedad normal.<\/span><\/span><\/span><\/p>\n<p align=\"justify\"><span style=\"color: #000080;\"><span style=\"font-family: Arial, sans-serif;\"><span style=\"font-size: medium;\">Sin embargo, a pesar de los a\u00f1os de oscuridad, hoy veo una luz nueva. La gente ha dejado de esperar milagros externos para reconocerse en su propia fuerza. La masiva participaci\u00f3n ciudadana de ahora demuestra que el deseo de libertad sigue intacto, esperando su momento para florecer.<\/span><\/span><\/span><\/p>\n<p align=\"justify\"><span style=\"color: #000080;\"><span style=\"font-family: Arial, sans-serif;\"><span style=\"font-size: medium;\">Ser\u00eda para m\u00ed m\u00e1s c\u00f3modo callar, despu\u00e9s de todo, ya no vivo all\u00ed. Pero \u00bfsilenciar y formar parte de una camarilla de c\u00f3mplices? Jam\u00e1s. Eso nunca me lo perdonar\u00eda mi padre.<\/span><\/span><\/span><\/p>\n<p align=\"justify\"><span style=\"color: #000080;\"><span style=\"font-family: Arial, sans-serif;\"><span style=\"font-size: medium;\">Adem\u00e1s, trat\u00e1ndose de esta granujada, yo tambi\u00e9n quiero m\u00e1s a mi perro.<\/span><\/span><\/span><\/p>\n<p align=\"justify\"><span style=\"color: #000080;\"><span style=\"font-family: Arial, sans-serif;\"><span style=\"font-size: medium;\">Continuar\u00e1&#8230;<\/span><\/span><\/span><\/p>\n<p align=\"justify\"><span style=\"color: #000080;\"><span style=\"font-family: Arial, sans-serif;\"><span style=\"font-size: medium;\">Cantaclaro<\/span><\/span><\/span><\/p>\n<p align=\"center\"><span style=\"color: #080809;\"><span style=\"font-family: Arial, sans-serif;\"><span style=\"font-size: medium;\"><b>&#8230;<\/b><\/span><\/span><\/span><\/p>\n<p align=\"justify\">\n<!-- AddThis Advanced Settings generic via filter on the_content --><!-- AddThis Share Buttons generic via filter on the_content -->","protected":false},"excerpt":{"rendered":"<p>&#8230; &#8220;Cuanto m\u00e1s conozco a los hombres, m\u00e1s aprecio a Geure\u201d, sol\u00eda decir mi padre. Geure era una perra callejera que ten\u00edamos en casa. Mi padre, a quien perd\u00ed siendo apenas un adolescente, fue de esas personas que logran mantenerse intactas tras sobrevivir a la vileza, al miedo, a la c\u00e1rcel y a las persecuciones [&hellip;]<!-- AddThis Advanced Settings generic via filter on get_the_excerpt --><!-- AddThis Share Buttons generic via filter on get_the_excerpt --><\/p>\n","protected":false},"author":14943,"featured_media":0,"comment_status":"open","ping_status":"closed","sticky":false,"template":"","format":"standard","meta":[],"categories":[3],"tags":[],"_links":{"self":[{"href":"https:\/\/blogs.elcorreo.com\/cantaclaro\/wp-json\/wp\/v2\/posts\/6932"}],"collection":[{"href":"https:\/\/blogs.elcorreo.com\/cantaclaro\/wp-json\/wp\/v2\/posts"}],"about":[{"href":"https:\/\/blogs.elcorreo.com\/cantaclaro\/wp-json\/wp\/v2\/types\/post"}],"author":[{"embeddable":true,"href":"https:\/\/blogs.elcorreo.com\/cantaclaro\/wp-json\/wp\/v2\/users\/14943"}],"replies":[{"embeddable":true,"href":"https:\/\/blogs.elcorreo.com\/cantaclaro\/wp-json\/wp\/v2\/comments?post=6932"}],"version-history":[{"count":20,"href":"https:\/\/blogs.elcorreo.com\/cantaclaro\/wp-json\/wp\/v2\/posts\/6932\/revisions"}],"predecessor-version":[{"id":7024,"href":"https:\/\/blogs.elcorreo.com\/cantaclaro\/wp-json\/wp\/v2\/posts\/6932\/revisions\/7024"}],"wp:attachment":[{"href":"https:\/\/blogs.elcorreo.com\/cantaclaro\/wp-json\/wp\/v2\/media?parent=6932"}],"wp:term":[{"taxonomy":"category","embeddable":true,"href":"https:\/\/blogs.elcorreo.com\/cantaclaro\/wp-json\/wp\/v2\/categories?post=6932"},{"taxonomy":"post_tag","embeddable":true,"href":"https:\/\/blogs.elcorreo.com\/cantaclaro\/wp-json\/wp\/v2\/tags?post=6932"}],"curies":[{"name":"wp","href":"https:\/\/api.w.org\/{rel}","templated":true}]}}