{"id":6784,"date":"2026-03-01T17:13:45","date_gmt":"2026-03-01T16:13:45","guid":{"rendered":"https:\/\/blogs.elcorreo.com\/cantaclaro\/?p=6784"},"modified":"2026-03-01T17:27:27","modified_gmt":"2026-03-01T16:27:27","slug":"justicia-por-encargo","status":"publish","type":"post","link":"https:\/\/blogs.elcorreo.com\/cantaclaro\/2026\/03\/01\/justicia-por-encargo\/","title":{"rendered":"Justicia por encargo"},"content":{"rendered":"<p style=\"text-align: center;\" align=\"justify\"><img loading=\"lazy\" class=\"aligncenter wp-image-6785\" src=\"https:\/\/blogs.elcorreo.com\/cantaclaro\/wp-content\/uploads\/sites\/150\/2026\/03\/G_8r6dnWYAAPbJF-Copiar.jpeg\" alt=\"\" width=\"498\" height=\"372\" srcset=\"https:\/\/blogs.elcorreo.com\/cantaclaro\/wp-content\/uploads\/sites\/150\/2026\/03\/G_8r6dnWYAAPbJF-Copiar.jpeg 589w, https:\/\/blogs.elcorreo.com\/cantaclaro\/wp-content\/uploads\/sites\/150\/2026\/03\/G_8r6dnWYAAPbJF-Copiar-295x220.jpeg 295w, https:\/\/blogs.elcorreo.com\/cantaclaro\/wp-content\/uploads\/sites\/150\/2026\/03\/G_8r6dnWYAAPbJF-Copiar-475x355.jpeg 475w\" sizes=\"(max-width: 498px) 100vw, 498px\" \/><\/p>\n<p style=\"text-align: center;\" align=\"justify\"><span style=\"color: #000080;\"><strong>&#8230;<\/strong><\/span><\/p>\n<p align=\"justify\"><span style=\"color: #000080;\"><span style=\"font-family: Arial, sans-serif;\"><span style=\"font-size: medium;\">Hoy le toca turno nada menos que a la LEY y lo pongo con may\u00fasculas, por toda la relevancia que tiene, que no es cosa menor. En la Venezuela que uno conoci\u00f3 fueron muchos los que personificaron dignamente la justicia. Hoy ese poder del Estado, y todo lo que significa, no es para llorar a gotas, sino a rios como el Orinoco. <\/span><\/span><\/span><\/p>\n<p align=\"justify\"><span style=\"color: #000080;\"><span style=\"font-family: Arial, sans-serif;\"><span style=\"font-size: medium;\">Basta detenerse un momento ante la m\u00e1xima autoridad del Tribunal Supremo de Justicia (TSJ), y concretamente ante su presidenta Caryslia Rodr\u00edguez Rodr\u00edguez, para apreciar al instante que su \u201cse\u00f1or\u00eda\u201d solo cambi\u00f3 la gorra y el uniforme del Partido Socialista Unido de Venezuela (PSUV) por el birrete y la toga de magistrada. Su salto al m\u00e1ximo tribunal no fue un ascenso, fue una\u00a0invasi\u00f3n descarada de un r\u00e9gimen que buscaba no la mejor jurista, sino la m\u00e1s obediente. <\/span><\/span><\/span><\/p>\n<p align=\"justify\"><span style=\"color: #000080;\"><span style=\"font-family: Arial, sans-serif;\"><span style=\"font-size: medium;\">Antes de dictar sentencias, Caryslia fue alcaldesa de Caracas y concejal chavista. Su lealtad nunca fue a la Constituci\u00f3n, sino al partido gobernante. Hoy es la magistrada de ese partido, y la pieza clave colocada para garantizar que la justicia no sea ciega, sino que tenga la mirada fija en los intereses de quien sea que ocupe la silla presidencial de Miraflores. <\/span><\/span><\/span><\/p>\n<p align=\"justify\"><span style=\"color: #000080;\"><span style=\"font-family: Arial, sans-serif;\"><span style=\"font-size: medium;\">Su misi\u00f3n y rol fundamental, siempre fue\u00a0darle el golpe de gracia a la democracia. Tras las elecciones de 2024, mientras el pa\u00eds exig\u00eda transparencia, Rodr\u00edguez lider\u00f3 el peritaje que valid\u00f3 la reelecci\u00f3n de Maduro, sin publicar una sola acta. Fue ella quien puso su firma para sepultar la voluntad de millones, demostrando que el TSJ no es un tribunal, sino una oficina de tr\u00e1mites de la dictadura. <\/span><\/span><\/span><\/p>\n<p align=\"justify\"><span style=\"color: #000080;\"><span style=\"font-family: Arial, sans-serif;\"><span style=\"font-size: medium;\">No es casualidad que haya sido\u00a0sancionada por la Uni\u00f3n Europea\u00a0y otros organismos internacionales. Sus acciones han desmantelado lo poco que quedaba de institucionalidad en Venezuela. Esta se\u00f1ora no preside un tribunal, dirige un\u00a0pared\u00f3n de fusilamiento judicial\u00a0donde se ejecutan a diario los derechos civiles de quienes se atrevan a disentir. <\/span><\/span><\/span><\/p>\n<p align=\"justify\"><span style=\"color: #000080;\"><span style=\"font-family: Arial, sans-serif;\"><span style=\"font-size: medium;\">Pero el mundo no ignora sus actuaciones. Su nombre ya figura en las listas de sanciones por socavar la democracia y el Estado de derecho, por ser el muro de contenci\u00f3n que el r\u00e9gimen levant\u00f3 para protegerse de la legalidad. Mientras hoy se habla de &#8220;amnist\u00edas&#8221; y &#8220;reconciliaci\u00f3n&#8221;, el nombre de Caryslia Rodr\u00edguez suena como la sancionada por el mundo por haber silenciado la voluntad de todo un pueblo. <\/span><\/span><\/span><\/p>\n<p align=\"justify\"><span style=\"color: #000080;\"><span style=\"font-family: Arial, sans-serif;\"><span style=\"font-size: medium;\">En definitiva, Caryslia Rodr\u00edguez no pasar\u00e1 a la historia por sus aportes al derecho, sino por ser la fusiladora institucional\u00a0de la estafa socialista del siglo XXI. Deja un expediente abierto ante la conciencia de un pa\u00eds y ante la justicia internacional. <\/span><\/span><\/span><\/p>\n<p align=\"justify\"><span style=\"color: #000080;\"><span style=\"font-family: Arial, sans-serif;\"><span style=\"font-size: medium;\">Cuando el ciclo de la impunidad se agote (siempre ocurre), no habr\u00e1 toga lo suficientemente larga para cubrir sus complicidades. <\/span><\/span><\/span><\/p>\n<p align=\"justify\"><span style=\"color: #000080;\"><span style=\"font-family: Arial, sans-serif;\"><span style=\"font-size: medium;\">Continuar\u00e1&#8230;<\/span><\/span><\/span><\/p>\n<p align=\"justify\"><span style=\"color: #000080;\"><span style=\"font-family: Arial, sans-serif;\"><span style=\"font-size: medium;\">Cantaclaro<\/span><\/span><\/span><\/p>\n<p style=\"text-align: center;\" align=\"justify\"><span style=\"color: #000080;\"><strong>&#8230;<\/strong><\/span><\/p>\n<!-- AddThis Advanced Settings generic via filter on the_content --><!-- AddThis Share Buttons generic via filter on the_content -->","protected":false},"excerpt":{"rendered":"<p>&#8230; Hoy le toca turno nada menos que a la LEY y lo pongo con may\u00fasculas, por toda la relevancia que tiene, que no es cosa menor. En la Venezuela que uno conoci\u00f3 fueron muchos los que personificaron dignamente la justicia. Hoy ese poder del Estado, y todo lo que significa, no es para llorar [&hellip;]<!-- AddThis Advanced Settings generic via filter on get_the_excerpt --><!-- AddThis Share Buttons generic via filter on get_the_excerpt --><\/p>\n","protected":false},"author":14943,"featured_media":0,"comment_status":"open","ping_status":"closed","sticky":false,"template":"","format":"standard","meta":[],"categories":[3],"tags":[],"_links":{"self":[{"href":"https:\/\/blogs.elcorreo.com\/cantaclaro\/wp-json\/wp\/v2\/posts\/6784"}],"collection":[{"href":"https:\/\/blogs.elcorreo.com\/cantaclaro\/wp-json\/wp\/v2\/posts"}],"about":[{"href":"https:\/\/blogs.elcorreo.com\/cantaclaro\/wp-json\/wp\/v2\/types\/post"}],"author":[{"embeddable":true,"href":"https:\/\/blogs.elcorreo.com\/cantaclaro\/wp-json\/wp\/v2\/users\/14943"}],"replies":[{"embeddable":true,"href":"https:\/\/blogs.elcorreo.com\/cantaclaro\/wp-json\/wp\/v2\/comments?post=6784"}],"version-history":[{"count":5,"href":"https:\/\/blogs.elcorreo.com\/cantaclaro\/wp-json\/wp\/v2\/posts\/6784\/revisions"}],"predecessor-version":[{"id":6790,"href":"https:\/\/blogs.elcorreo.com\/cantaclaro\/wp-json\/wp\/v2\/posts\/6784\/revisions\/6790"}],"wp:attachment":[{"href":"https:\/\/blogs.elcorreo.com\/cantaclaro\/wp-json\/wp\/v2\/media?parent=6784"}],"wp:term":[{"taxonomy":"category","embeddable":true,"href":"https:\/\/blogs.elcorreo.com\/cantaclaro\/wp-json\/wp\/v2\/categories?post=6784"},{"taxonomy":"post_tag","embeddable":true,"href":"https:\/\/blogs.elcorreo.com\/cantaclaro\/wp-json\/wp\/v2\/tags?post=6784"}],"curies":[{"name":"wp","href":"https:\/\/api.w.org\/{rel}","templated":true}]}}