{"id":6591,"date":"2026-01-17T13:34:21","date_gmt":"2026-01-17T12:34:21","guid":{"rendered":"https:\/\/blogs.elcorreo.com\/cantaclaro\/?p=6591"},"modified":"2026-02-01T09:32:14","modified_gmt":"2026-02-01T08:32:14","slug":"algo-para-no-olvidar","status":"publish","type":"post","link":"https:\/\/blogs.elcorreo.com\/cantaclaro\/2026\/01\/17\/algo-para-no-olvidar\/","title":{"rendered":"Prohibido olvidar"},"content":{"rendered":"<p style=\"text-align: center;\" align=\"justify\"><img loading=\"lazy\" class=\"aligncenter wp-image-6592\" src=\"https:\/\/blogs.elcorreo.com\/cantaclaro\/wp-content\/uploads\/sites\/150\/2026\/01\/16107280592768.jpg\" alt=\"\" width=\"506\" height=\"359\" srcset=\"https:\/\/blogs.elcorreo.com\/cantaclaro\/wp-content\/uploads\/sites\/150\/2026\/01\/16107280592768.jpg 1200w, https:\/\/blogs.elcorreo.com\/cantaclaro\/wp-content\/uploads\/sites\/150\/2026\/01\/16107280592768-295x209.jpg 295w, https:\/\/blogs.elcorreo.com\/cantaclaro\/wp-content\/uploads\/sites\/150\/2026\/01\/16107280592768-501x355.jpg 501w, https:\/\/blogs.elcorreo.com\/cantaclaro\/wp-content\/uploads\/sites\/150\/2026\/01\/16107280592768-768x544.jpg 768w\" sizes=\"(max-width: 506px) 100vw, 506px\" \/><\/p>\n<p style=\"text-align: center;\" align=\"justify\"><span style=\"color: #000080;\"><strong>&#8230;<\/strong><\/span><\/p>\n<p align=\"justify\"><span style=\"color: #000080;\"><span style=\"font-family: Arial, sans-serif;\"><span style=\"font-size: medium;\">Hablar de Delcy Rodr\u00edguez es recordar el infame episodio de las &#8220;40 maletas en Barajas&#8221;, mientras el pueblo venezolano buscaba comida y medicinas en la basura. En 2020 aterrizaba ilegalmente en Espa\u00f1a para reunirse con ministros locales c\u00f3mplices, cargada de secretos y seg\u00fan las malas lenguas, del oro nacional que rapi\u00f1aba.<\/span><\/span><\/span><\/p>\n<p align=\"justify\"><span style=\"color: #000080;\"><span style=\"font-family: Arial, sans-serif;\"><span style=\"font-size: medium;\">Esa es la &#8220;presidenta&#8221; que ha aceptado Trump para allanar el camino de la transici\u00f3n democr\u00e1tica de Venezuela. Capaz de violar sanciones internacionales con la misma risita que muestra cuando ignora las cifras del desastre del que ha sido part\u00edcipe por mas de 27 a\u00f1os. Ella es la perfecta directora que se necesita en la nueva Venezuela para administrar el nuevo saqueo.<\/span><\/span><\/span><\/p>\n<p align=\"justify\"><span style=\"color: #000080;\"><span style=\"font-family: Arial, sans-serif;\"><span style=\"font-size: medium;\">Detr\u00e1s de cada movimiento de Delcy est\u00e1 la sombra de su herman\u00edsimo Jorge Rodr\u00edguez. El psiquiatra que dej\u00f3 de rehabilitar mentes para dedicarse a quebrarlas. Este elemento es el arquitecto del enga\u00f1o, es el autor que convirti\u00f3 la Asamblea Nacional en un manicomio. Este personaje perfeccion\u00f3 el arte de la &#8220;negociaci\u00f3n eterna&#8221; para ganar tiempo.<\/span><\/span><\/span><\/p>\n<p align=\"justify\"><span style=\"color: #000080;\"><span style=\"font-family: Arial, sans-serif;\"><span style=\"font-size: medium;\">Las p\u00e1ginas del contubernio que asol\u00f3 Venezuela est\u00e1n escritas con sangre en el cap\u00edtulo m\u00e1s oscuro del libro de su historia. Pero al final el doblete de la dama de las maletas y el psiquiatra manipulador terminar\u00e1 por convertirse en el sepulturero de su propia maldad.<\/span><\/span><\/span><\/p>\n<p align=\"justify\"><span style=\"color: #000080;\"><span style=\"font-family: Arial, sans-serif;\"><span style=\"font-size: medium;\">El d\u00fao del cinismo continuista se desmoronar\u00e1 ante la realidad de una Venezuela que, tras 27 a\u00f1os de sombra, decidi\u00f3 que su futuro es la luz de la libertad.<\/span><\/span><\/span><\/p>\n<p align=\"justify\"><span style=\"color: #000080;\"><span style=\"font-family: Arial, sans-serif;\"><span style=\"font-size: medium;\">Continuar\u00e1&#8230;<\/span><\/span><\/span><\/p>\n<p align=\"justify\"><span style=\"color: #000080;\"><span style=\"font-family: Arial, sans-serif;\"><span style=\"font-size: medium;\">Cantaclaro<\/span><\/span><\/span><\/p>\n<p align=\"center\"><span style=\"color: #000080;\"><strong><span style=\"font-family: Arial, sans-serif;\"><span style=\"font-size: medium;\">&#8230;<\/span><\/span><\/strong><\/span><\/p>\n<!-- AddThis Advanced Settings generic via filter on the_content --><!-- AddThis Share Buttons generic via filter on the_content -->","protected":false},"excerpt":{"rendered":"<p>&#8230; Hablar de Delcy Rodr\u00edguez es recordar el infame episodio de las &#8220;40 maletas en Barajas&#8221;, mientras el pueblo venezolano buscaba comida y medicinas en la basura. En 2020 aterrizaba ilegalmente en Espa\u00f1a para reunirse con ministros locales c\u00f3mplices, cargada de secretos y seg\u00fan las malas lenguas, del oro nacional que rapi\u00f1aba. Esa es la [&hellip;]<!-- AddThis Advanced Settings generic via filter on get_the_excerpt --><!-- AddThis Share Buttons generic via filter on get_the_excerpt --><\/p>\n","protected":false},"author":14943,"featured_media":0,"comment_status":"open","ping_status":"closed","sticky":false,"template":"","format":"standard","meta":[],"categories":[3],"tags":[],"_links":{"self":[{"href":"https:\/\/blogs.elcorreo.com\/cantaclaro\/wp-json\/wp\/v2\/posts\/6591"}],"collection":[{"href":"https:\/\/blogs.elcorreo.com\/cantaclaro\/wp-json\/wp\/v2\/posts"}],"about":[{"href":"https:\/\/blogs.elcorreo.com\/cantaclaro\/wp-json\/wp\/v2\/types\/post"}],"author":[{"embeddable":true,"href":"https:\/\/blogs.elcorreo.com\/cantaclaro\/wp-json\/wp\/v2\/users\/14943"}],"replies":[{"embeddable":true,"href":"https:\/\/blogs.elcorreo.com\/cantaclaro\/wp-json\/wp\/v2\/comments?post=6591"}],"version-history":[{"count":13,"href":"https:\/\/blogs.elcorreo.com\/cantaclaro\/wp-json\/wp\/v2\/posts\/6591\/revisions"}],"predecessor-version":[{"id":6630,"href":"https:\/\/blogs.elcorreo.com\/cantaclaro\/wp-json\/wp\/v2\/posts\/6591\/revisions\/6630"}],"wp:attachment":[{"href":"https:\/\/blogs.elcorreo.com\/cantaclaro\/wp-json\/wp\/v2\/media?parent=6591"}],"wp:term":[{"taxonomy":"category","embeddable":true,"href":"https:\/\/blogs.elcorreo.com\/cantaclaro\/wp-json\/wp\/v2\/categories?post=6591"},{"taxonomy":"post_tag","embeddable":true,"href":"https:\/\/blogs.elcorreo.com\/cantaclaro\/wp-json\/wp\/v2\/tags?post=6591"}],"curies":[{"name":"wp","href":"https:\/\/api.w.org\/{rel}","templated":true}]}}