{"id":6548,"date":"2026-01-12T23:15:29","date_gmt":"2026-01-12T22:15:29","guid":{"rendered":"https:\/\/blogs.elcorreo.com\/cantaclaro\/?p=6548"},"modified":"2026-01-15T14:43:56","modified_gmt":"2026-01-15T13:43:56","slug":"un-pais-que-sea-ong","status":"publish","type":"post","link":"https:\/\/blogs.elcorreo.com\/cantaclaro\/2026\/01\/12\/un-pais-que-sea-ong\/","title":{"rendered":"Un pa\u00eds que sea ONG"},"content":{"rendered":"<p style=\"text-align: center;\" align=\"justify\"><img loading=\"lazy\" class=\"aligncenter wp-image-6549\" src=\"https:\/\/blogs.elcorreo.com\/cantaclaro\/wp-content\/uploads\/sites\/150\/2026\/01\/ONG.jpg\" alt=\"\" width=\"441\" height=\"441\" srcset=\"https:\/\/blogs.elcorreo.com\/cantaclaro\/wp-content\/uploads\/sites\/150\/2026\/01\/ONG.jpg 400w, https:\/\/blogs.elcorreo.com\/cantaclaro\/wp-content\/uploads\/sites\/150\/2026\/01\/ONG-230x230.jpg 230w, https:\/\/blogs.elcorreo.com\/cantaclaro\/wp-content\/uploads\/sites\/150\/2026\/01\/ONG-355x355.jpg 355w, https:\/\/blogs.elcorreo.com\/cantaclaro\/wp-content\/uploads\/sites\/150\/2026\/01\/ONG-128x128.jpg 128w\" sizes=\"(max-width: 441px) 100vw, 441px\" \/><\/p>\n<p style=\"text-align: center;\" align=\"justify\"><span style=\"color: #000080;\"><strong>&#8230;<\/strong><\/span><\/p>\n<p align=\"justify\"><span style=\"color: #000080;\"><span style=\"font-family: Arial, sans-serif;\"><span style=\"font-size: medium;\">Despu\u00e9s del madrugonazo gringo que puso a buen recaudo al &#8220;presidente obrero&#8221; venezolano y a la primera combatiente, est\u00e1n apareciendo hasta debajo de las berzas los opinadores que dicen saber todo de todo lo ocurrido. No me parece nada malo que se haga uso de las libertades, es m\u00e1s, lo veo positivo.<\/span><\/span><\/span><\/p>\n<p align=\"justify\"><span style=\"color: #000080;\"><span style=\"font-family: Arial, sans-serif;\"><span style=\"font-size: medium;\">Pero \u00bfD\u00f3nde estaban todos estos defensores del derecho internacional, la libertad y los derechos humanos, cuando se secuestraban, torturaban y asesinaban a mansalva centenares de ciudadanos venezolanos a nombre del Socialismo Progresista? \u00bfQu\u00e9 hac\u00edan cuando a la vista de todos se robaban una y otra vez todas las elecciones, alegando el &#8220;libre albedr\u00edo de soberan\u00eda nacional&#8221; ? <\/span><\/span><\/span><\/p>\n<p align=\"justify\"><span style=\"color: #000080;\"><span style=\"font-family: Arial, sans-serif;\"><span style=\"font-size: medium;\">Con la agravante, que no solo eran los medios de informaci\u00f3n privados quienes asum\u00edan esas posturas ambivalentes, lo verdaderamente vergonzoso es que gobiernos de pa\u00edses supuestamente democr\u00e1ticos, miraran para otro lado y hasta blanquearan al tirano bananero y su camarilla.<\/span><\/span><\/span><\/p>\n<p align=\"justify\"><span style=\"color: #000080;\"><span style=\"font-family: Arial, sans-serif;\"><span style=\"font-size: medium;\">Estos izquierdosos de pandereta de hoy (me perdonan la expresi\u00f3n) tan conocidos que ni es preciso se\u00f1alarlos aqu\u00ed, siguen con su relato c\u00ednico-hip\u00f3crita afirmando que EEUU ha actuado contra la &#8220;democracia venezolana&#8221; con un solo prop\u00f3sito: apropiarse de su petr\u00f3leo.<\/span><\/span><\/span><\/p>\n<p align=\"justify\"><span style=\"color: #000080;\"><span style=\"font-family: Arial, sans-serif;\"><span style=\"font-size: medium;\">Pues bien, voy a decir lo que pienso de ese gastado argumento, tantas veces repetido, que ha terminado por ser precepto grabado en las tablas de la ley, no de Mois\u00e9s sino de Fidel Castro.<\/span><\/span><\/span><\/p>\n<p align=\"justify\"><span style=\"color: #000080;\"><strong><em><span style=\"font-family: Arial, sans-serif;\"><span style=\"font-size: medium;\">A ver c\u00f3mo lo explico, sin desfallecer antes y de otra buena vez: <\/span><\/span><\/em><\/strong><\/span><\/p>\n<p align=\"justify\"><span style=\"color: #000080;\"><span style=\"font-family: Arial, sans-serif;\"><span style=\"font-size: medium;\">En los \u00faltimos 27 a\u00f1os, todas las riquezas, oro, diamantes, minerales raros y por supuesto petr\u00f3leo, que quedaban como l\u00edquido remanente despu\u00e9s de descontado lo que se robaban los camaradas del siglo XXI locales, fueron saqueados sin misericordia por Cuba, China, Ir\u00e1n y Rusia, eso es as\u00ed y hay sobrada documentaci\u00f3n que lo certifica. La poblaci\u00f3n venezolana, no enchufada al sistema, recib\u00eda las migajas del fest\u00edn, lo que llev\u00f3 al pa\u00eds a niveles de miseria extrema generalizada jam\u00e1s vista en el continente americano. Esto son hechos, esa es la realidad que hizo emigrar a m\u00e1s de 9 millones de sus ciudadanos.<\/span><\/span><\/span><\/p>\n<p align=\"justify\"><span style=\"color: #000080;\"><span style=\"font-family: Arial, sans-serif;\"><span style=\"font-size: medium;\">Dicho lo anterior, es obligado decir lo que dejaron esos pa\u00edses que he mencionado, en contraprestaci\u00f3n por las riquezas venezolanas que se llevaron:<\/span><\/span><\/span><\/p>\n<p align=\"justify\"><span style=\"color: #000080;\"><span style=\"font-family: Arial, sans-serif;\"><span style=\"font-size: medium;\">Dejaron tecnolog\u00edas de tortura y lugares donde se aplicaba, como la que se conoce hoy con el nombre de la tumba. Lugar de suplicio infernal bajo el metro de Caracas.<\/span><\/span><\/span><\/p>\n<p align=\"justify\"><span style=\"color: #000080;\"><span style=\"font-family: Arial, sans-serif;\"><span style=\"font-size: medium;\">Dejaron gran parte del sur del pa\u00eds contaminado con mercurio en las v\u00edas fluviales, por las pr\u00e1cticas obsoletas y contaminadoras empleadas en la extracci\u00f3n especialmente de oro.<\/span><\/span><\/span><\/p>\n<p align=\"justify\"><span style=\"color: #000080;\"><span style=\"font-family: Arial, sans-serif;\"><span style=\"font-size: medium;\">Dejaron a medio construir, una f\u00e1brica de drones operada por personal iran\u00ed, con la finalidad de permitirle a Maduro atacar a EEUU en su territorio.<\/span><\/span><\/span><\/p>\n<p align=\"justify\"><span style=\"color: #000080;\"><span style=\"font-family: Arial, sans-serif;\"><span style=\"font-size: medium;\">Dejaron una peque\u00f1a f\u00e1brica de fusiles rusos Kalasnikov que est\u00e1 funcionando bajo m\u00ednimos. <\/span><\/span><\/span><\/p>\n<p align=\"justify\"><span style=\"color: #000080;\"><span style=\"font-family: Arial, sans-serif;\"><span style=\"font-size: medium;\">Dejaron material y equipos para deprimir manifestaciones opositoras, cuyos resultados en muertes de estudiantes, amas de casa y dem\u00e1s personal civil han estado a la vista de todos.<\/span><\/span><\/span><\/p>\n<p align=\"justify\"><span style=\"color: #000080;\"><span style=\"font-family: Arial, sans-serif;\"><span style=\"font-size: medium;\">Dejaron tecnolog\u00eda de vigilancia y contra inteligencia.<\/span><\/span><\/span><\/p>\n<p align=\"justify\"><span style=\"color: #000080;\"><strong><em><span style=\"font-family: Arial, sans-serif;\"><span style=\"font-size: medium;\">\u00bfY los gringos qu\u00e9 es lo que dejaron?<\/span><\/span><\/em><\/strong><\/span><\/p>\n<p align=\"justify\"><span style=\"color: #000080;\"><span style=\"font-family: Arial, sans-serif;\"><span style=\"font-size: medium;\">Dejaron toda la infraestructura y log\u00edstica de sus campos petroleros, que fue firmada como sujetos de compensaci\u00f3n, y qued\u00f3 como todo lo que promet\u00edan, o sea, jam\u00e1s lo cumplieron ni Ch\u00e1vez y menos Maduro. All\u00ed quedaron taladros, balancines oleoductos y dem\u00e1s equipos costos\u00edsimos. No recuperaron un d\u00f3lar ni hubo compensaci\u00f3n alguna por perdidas. De ello ha hablado Trump recientemente.<\/span><\/span><\/span><\/p>\n<p align=\"justify\"><span style=\"color: #000080;\"><span style=\"font-family: Arial, sans-serif;\"><span style=\"font-size: medium;\">Dejaron autopistas, centrales el\u00e9ctricas modernas como Gury, ciudades industriales mod\u00e9licas como Ciudad Guayana, Valencia, Ciudad Piar y otras, con industrias que produc\u00edan acero, aluminio, vidrio, ensamblablan veh\u00edculos, tractores y camiones, fabricaban neum\u00e1ticos, qu\u00edmicos industriales, pulpa y papel, materiales de construcci\u00f3n, fertilizantes, textiles, medicamentos, alimentos, calzado, productos de aseo etc. etc. que aportaban autosuficiencia, trabajo y riqueza al pa\u00eds. <\/span><\/span><\/span><\/p>\n<p align=\"justify\"><span style=\"color: #000080;\"><span style=\"font-family: Arial, sans-serif;\"><span style=\"font-size: medium;\">Todo ello pagado, como es l\u00f3gico, con fondos privados venezolanos y facilidades crediticias estatales, pero con el apoyo inestimable de grandes empresas norteam\u00e9ricanas. Aquello y mucho m\u00e1s, fue expropiado por la cara y hoy, no son m\u00e1s que ruinas que atestiguan la conducta nefasta y criminal de esa devastadora revoluci\u00f3n.<\/span><\/span><\/span><\/p>\n<p align=\"justify\"><span style=\"color: #000080;\"><span style=\"font-family: Arial, sans-serif;\"><span style=\"font-size: medium;\">Quisiera saber de un pa\u00eds de este planeta que sea una ONG, o dicho de otra manera, de alguno que no prime sus intereses pol\u00edticos, estrat\u00e9gicos y econ\u00f3micos. Y dado el caso de que nadie hasta ahora me ha se\u00f1alado alguno, afirmo lo siguiente:<\/span><\/span><\/span><\/p>\n<p align=\"justify\"><span style=\"color: #000080;\"><span style=\"font-family: Helvetica, Arial, sans-serif;\"><span style=\"font-size: medium;\">Si tengo que pagar compensaci\u00f3n por algo que reciba, prefiero mil veces que el beneficiario sea un gringo cualquiera. Los norteamericanos tienen su matices, desde luego, pero por regla general son de fiar, al menos hasta ahora. Nunca escoger\u00eda a un par\u00e1sito comunista cubano, a un contumaz expansionista amoral ruso, a un superproductor mercachifle lejano como China o a un fan\u00e1tico te\u00f3crata iran\u00ed por m\u00e1s sant\u00f3n que sea. <\/span><\/span><\/span><\/p>\n<p align=\"justify\"><span style=\"color: #000080;\"><span style=\"font-family: Arial, sans-serif;\"><span style=\"font-size: medium;\">Eso es as\u00ed y lo dem\u00e1s es hablar paja. <\/span><\/span><\/span><\/p>\n<p align=\"justify\"><span style=\"color: #000080;\"><span style=\"font-family: Arial, sans-serif;\"><span style=\"font-size: medium;\">Continuar\u00e1&#8230;<\/span><\/span><\/span><\/p>\n<p align=\"justify\"><span style=\"color: #000080;\"><span style=\"font-family: Arial, sans-serif;\"><span style=\"font-size: medium;\">Cantaclaro<\/span><\/span><\/span><\/p>\n<p style=\"text-align: center;\" align=\"justify\"><span style=\"color: #000080;\"><strong><span style=\"font-family: Arial, sans-serif;\"><span style=\"font-size: medium;\">&#8212;&#8212;&#8212;&#8212;&#8212;&#8212;&#8212;&#8212;&#8212;&#8212;&#8212;&#8212;&#8212;&#8212;&#8212;&#8212;&#8212;&#8212;&#8212;&#8212;&#8212;&#8212;&#8212;&#8212;&#8212;&#8212;&#8212;&#8212;&#8212;&#8212;&#8212;&#8212;&#8212;&#8212;&#8212;&#8212;&#8212;&#8212;&#8212;&#8212;<\/span><\/span><\/strong><\/span><\/p>\n<p align=\"justify\"><span style=\"color: #000080;\"><span style=\"font-family: Arial, sans-serif;\"><span style=\"font-size: medium;\">Nota:<\/span><\/span><\/span><\/p>\n<p align=\"justify\"><span style=\"color: #000080;\"><span style=\"font-family: Arial, sans-serif;\"><span style=\"font-size: medium;\">Quiero pedir disculpas a todos aquellos que se hayan podido sentir ofendidos o que no est\u00e9n de acuerdo con lo que he dicho. He perdido demasiadas batallas (incluyendo parientes y amigos), y no quisiera seguir cosechando m\u00e1s hostilidades gratuitas. <\/span><\/span><\/span><\/p>\n<p align=\"justify\"><span style=\"color: #000080;\"><span style=\"font-family: Arial, sans-serif;\"><span style=\"font-size: medium;\">Gracias<\/span><\/span><\/span><\/p>\n<p style=\"text-align: center;\" align=\"justify\"><span style=\"color: #000080;\"><strong>&#8230;<\/strong><\/span><\/p>\n<!-- AddThis Advanced Settings generic via filter on the_content --><!-- AddThis Share Buttons generic via filter on the_content -->","protected":false},"excerpt":{"rendered":"<p>&#8230; Despu\u00e9s del madrugonazo gringo que puso a buen recaudo al &#8220;presidente obrero&#8221; venezolano y a la primera combatiente, est\u00e1n apareciendo hasta debajo de las berzas los opinadores que dicen saber todo de todo lo ocurrido. No me parece nada malo que se haga uso de las libertades, es m\u00e1s, lo veo positivo. Pero \u00bfD\u00f3nde [&hellip;]<!-- AddThis Advanced Settings generic via filter on get_the_excerpt --><!-- AddThis Share Buttons generic via filter on get_the_excerpt --><\/p>\n","protected":false},"author":14943,"featured_media":0,"comment_status":"open","ping_status":"closed","sticky":false,"template":"","format":"standard","meta":[],"categories":[3],"tags":[],"_links":{"self":[{"href":"https:\/\/blogs.elcorreo.com\/cantaclaro\/wp-json\/wp\/v2\/posts\/6548"}],"collection":[{"href":"https:\/\/blogs.elcorreo.com\/cantaclaro\/wp-json\/wp\/v2\/posts"}],"about":[{"href":"https:\/\/blogs.elcorreo.com\/cantaclaro\/wp-json\/wp\/v2\/types\/post"}],"author":[{"embeddable":true,"href":"https:\/\/blogs.elcorreo.com\/cantaclaro\/wp-json\/wp\/v2\/users\/14943"}],"replies":[{"embeddable":true,"href":"https:\/\/blogs.elcorreo.com\/cantaclaro\/wp-json\/wp\/v2\/comments?post=6548"}],"version-history":[{"count":19,"href":"https:\/\/blogs.elcorreo.com\/cantaclaro\/wp-json\/wp\/v2\/posts\/6548\/revisions"}],"predecessor-version":[{"id":6571,"href":"https:\/\/blogs.elcorreo.com\/cantaclaro\/wp-json\/wp\/v2\/posts\/6548\/revisions\/6571"}],"wp:attachment":[{"href":"https:\/\/blogs.elcorreo.com\/cantaclaro\/wp-json\/wp\/v2\/media?parent=6548"}],"wp:term":[{"taxonomy":"category","embeddable":true,"href":"https:\/\/blogs.elcorreo.com\/cantaclaro\/wp-json\/wp\/v2\/categories?post=6548"},{"taxonomy":"post_tag","embeddable":true,"href":"https:\/\/blogs.elcorreo.com\/cantaclaro\/wp-json\/wp\/v2\/tags?post=6548"}],"curies":[{"name":"wp","href":"https:\/\/api.w.org\/{rel}","templated":true}]}}