{"id":5732,"date":"2025-02-28T21:37:16","date_gmt":"2025-02-28T20:37:16","guid":{"rendered":"https:\/\/blogs.elcorreo.com\/cantaclaro\/?p=5732"},"modified":"2025-06-13T11:06:33","modified_gmt":"2025-06-13T09:06:33","slug":"si-hay-que-aplaudir-se-aplaude","status":"publish","type":"post","link":"https:\/\/blogs.elcorreo.com\/cantaclaro\/2025\/02\/28\/si-hay-que-aplaudir-se-aplaude\/","title":{"rendered":"Si hay que aplaudir, se aplaude"},"content":{"rendered":"<p style=\"text-align: center;\"><img loading=\"lazy\" class=\"wp-image-5739 aligncenter\" src=\"https:\/\/blogs.elcorreo.com\/cantaclaro\/wp-content\/uploads\/sites\/150\/2025\/02\/de3de49270338da0f96fce0cbef4f69b.jpg\" alt=\"\" width=\"439\" height=\"338\" srcset=\"https:\/\/blogs.elcorreo.com\/cantaclaro\/wp-content\/uploads\/sites\/150\/2025\/02\/de3de49270338da0f96fce0cbef4f69b.jpg 735w, https:\/\/blogs.elcorreo.com\/cantaclaro\/wp-content\/uploads\/sites\/150\/2025\/02\/de3de49270338da0f96fce0cbef4f69b-295x228.jpg 295w, https:\/\/blogs.elcorreo.com\/cantaclaro\/wp-content\/uploads\/sites\/150\/2025\/02\/de3de49270338da0f96fce0cbef4f69b-460x355.jpg 460w\" sizes=\"(max-width: 439px) 100vw, 439px\" \/><\/p>\n<p style=\"text-align: center;\"><strong><span style=\"color: #000080;\">&#8230;<\/span><\/strong><\/p>\n<p align=\"justify\"><span style=\"color: #000080;\"><span style=\"font-family: Arial, sans-serif;\"><span style=\"font-size: medium;\">En nota anterior trat\u00e9 de justificar esa especie de &#8220;tirria&#8221; que le tengo al Sr. Donald Trump y de alguna manera explicar las razones por las que en ocasiones se me pasa la mano d\u00e1ndole le\u00f1a al sujeto.<\/span><\/span><\/span><\/p>\n<p align=\"justify\"><span style=\"color: #000080;\"><span style=\"font-family: Arial, sans-serif;\"><span style=\"font-size: medium;\">Terminaba lo escrito con la promesa de que, as\u00ed como condeno sus &#8220;cosas&#8221;, aplaudir\u00e9 todo aquello que (bajo mi punto de vista y modesta opini\u00f3n) sea digno de aplauso.<\/span><\/span><\/span><\/p>\n<p align=\"justify\"><span style=\"color: #000080;\"><span style=\"font-family: Arial, sans-serif;\"><span style=\"font-size: medium;\">Pues bien, he aqu\u00ed la noticia que me ha alegrado el d\u00eda y que aplaudo con las manos, con los pies, y si fuera posible hasta con las orejas:<\/span><\/span><\/span><\/p>\n<p align=\"justify\"><span style=\"color: #000080;\"><span style=\"font-family: Arial, sans-serif;\"><span style=\"font-size: medium;\">&#8230;&#8221;El presidente de Estados Unidos, Donald Trump, anunci\u00f3 este mi\u00e9rcoles la revocatoria de la licencia que autoriza a la petrolera estadounidense Chevron a operar en Venezuela&#8221;&#8230;<\/span><\/span><\/span><\/p>\n<p align=\"justify\"><span style=\"color: #000080;\"><span style=\"font-family: Arial, sans-serif;\"><span style=\"font-size: medium;\">&#8230;&#8221;Por la presente, revertimos las concesiones que el corrupto Joe Biden le dio a Nicol\u00e1s Maduro, de Venezuela, sobre el acuerdo de transacci\u00f3n petrolera, con fecha del 26 de noviembre de 2022, y que tambi\u00e9n tiene que ver con las condiciones electorales dentro de Venezuela, que no han sido cumplidas por el r\u00e9gimen de Maduro, escribi\u00f3 el mandatario en un mensaje en la red Truth Social&#8221;&#8230;<\/span><\/span><\/span><\/p>\n<p align=\"justify\"><span style=\"color: #000080;\"><span style=\"font-family: Arial, sans-serif;\"><span style=\"font-size: medium;\">&#8230;&#8221;Adem\u00e1s, el r\u00e9gimen no ha estado transportando como prometi\u00f3 a los criminales violentos que enviaron a nuestro pa\u00eds, de regreso a Venezuela, al ritmo r\u00e1pido que hab\u00edan acordado. Por lo tanto, ordeno que el ineficaz e incumplido Acuerdo de Concesi\u00f3n de Biden se rescinda a partir de la opci\u00f3n de renovaci\u00f3n del 1 de marzo&#8221;, agreg\u00f3&#8221;&#8230;<\/span><\/span><\/span><\/p>\n<p align=\"justify\"><span style=\"color: #000080;\"><span style=\"font-family: Arial, sans-serif;\"><span style=\"font-size: medium;\">Esta resoluci\u00f3n es econ\u00f3micamente terrible para la dictadura. La petrolera norteamericana ha pagado, contante y sonante, la friolera de 5.000.- millones de d\u00f3lares, y representa casi la mitad del valor neto que le queda al pa\u00eds por todo el petr\u00f3leo extra\u00eddo, ya que m\u00e1s del 50% del total exportado es en pago de deuda contra\u00edda con China, Rusia y de regalos a PETROCARIBE y Cuba.<\/span><\/span><\/span><\/p>\n<p align=\"justify\"><span style=\"color: #000080;\"><span style=\"font-family: Arial, sans-serif;\"><span style=\"font-size: medium;\">Con esta medida, se le reduce el bot\u00edn a la pandilla, queda mucho m\u00e1s que robar, pero son tambi\u00e9n muchos m\u00e1s de 40 los ladrones a repartirse la rapi\u00f1a del Al\u00ed Bab\u00e1 caribe\u00f1o.<\/span><\/span><\/span><\/p>\n<p align=\"justify\"><span style=\"color: #000080;\"><span style=\"font-family: Arial, sans-serif;\"><span style=\"font-size: medium;\">Cosas veredes, Sancho.<\/span><\/span><\/span><\/p>\n<p align=\"justify\"><span style=\"color: #000080;\"><span style=\"font-family: Arial, sans-serif;\"><span style=\"font-size: medium;\">Continuar\u00e1&#8230;<\/span><\/span><\/span><\/p>\n<p align=\"justify\"><span style=\"color: #000080;\"><span style=\"font-family: Arial, sans-serif;\"><span style=\"font-size: medium;\">Cantaclaro<\/span><\/span><\/span><\/p>\n<p style=\"text-align: center;\" align=\"justify\"><strong><span style=\"color: #000080;\"><span style=\"font-family: Arial, sans-serif;\"><span style=\"font-size: medium;\">&#8230;<\/span><\/span><\/span><\/strong><\/p>\n<p align=\"justify\">\n<!-- AddThis Advanced Settings generic via filter on the_content --><!-- AddThis Share Buttons generic via filter on the_content -->","protected":false},"excerpt":{"rendered":"<p>&#8230; En nota anterior trat\u00e9 de justificar esa especie de &#8220;tirria&#8221; que le tengo al Sr. Donald Trump y de alguna manera explicar las razones por las que en ocasiones se me pasa la mano d\u00e1ndole le\u00f1a al sujeto. Terminaba lo escrito con la promesa de que, as\u00ed como condeno sus &#8220;cosas&#8221;, aplaudir\u00e9 todo aquello [&hellip;]<!-- AddThis Advanced Settings generic via filter on get_the_excerpt --><!-- AddThis Share Buttons generic via filter on get_the_excerpt --><\/p>\n","protected":false},"author":14943,"featured_media":0,"comment_status":"open","ping_status":"closed","sticky":false,"template":"","format":"standard","meta":[],"categories":[3],"tags":[],"_links":{"self":[{"href":"https:\/\/blogs.elcorreo.com\/cantaclaro\/wp-json\/wp\/v2\/posts\/5732"}],"collection":[{"href":"https:\/\/blogs.elcorreo.com\/cantaclaro\/wp-json\/wp\/v2\/posts"}],"about":[{"href":"https:\/\/blogs.elcorreo.com\/cantaclaro\/wp-json\/wp\/v2\/types\/post"}],"author":[{"embeddable":true,"href":"https:\/\/blogs.elcorreo.com\/cantaclaro\/wp-json\/wp\/v2\/users\/14943"}],"replies":[{"embeddable":true,"href":"https:\/\/blogs.elcorreo.com\/cantaclaro\/wp-json\/wp\/v2\/comments?post=5732"}],"version-history":[{"count":13,"href":"https:\/\/blogs.elcorreo.com\/cantaclaro\/wp-json\/wp\/v2\/posts\/5732\/revisions"}],"predecessor-version":[{"id":6121,"href":"https:\/\/blogs.elcorreo.com\/cantaclaro\/wp-json\/wp\/v2\/posts\/5732\/revisions\/6121"}],"wp:attachment":[{"href":"https:\/\/blogs.elcorreo.com\/cantaclaro\/wp-json\/wp\/v2\/media?parent=5732"}],"wp:term":[{"taxonomy":"category","embeddable":true,"href":"https:\/\/blogs.elcorreo.com\/cantaclaro\/wp-json\/wp\/v2\/categories?post=5732"},{"taxonomy":"post_tag","embeddable":true,"href":"https:\/\/blogs.elcorreo.com\/cantaclaro\/wp-json\/wp\/v2\/tags?post=5732"}],"curies":[{"name":"wp","href":"https:\/\/api.w.org\/{rel}","templated":true}]}}